{"id":4149,"date":"2019-09-23T23:52:14","date_gmt":"2019-09-23T21:52:14","guid":{"rendered":"http:\/\/www.combats-magazine.org\/fr\/?p=4149"},"modified":"2019-09-24T14:19:27","modified_gmt":"2019-09-24T12:19:27","slug":"festival-de-cinema-de-saint-sebastien-costa-gavras-forever","status":"publish","type":"post","link":"https:\/\/www.combats-magazine.org\/fr\/festival-de-cinema-de-saint-sebastien-costa-gavras-forever\/","title":{"rendered":"Festival de cin\u00e9ma de  Saint-S\u00e9bastien : Costa-Gavras forever !"},"content":{"rendered":"\r\n<p>La 67<sup>e<\/sup> \u00a0\u00e9dition du Festival du cin\u00e9ma de Saint-S\u00e9bastien a honor\u00e9\u00a0 du premier Prix Donostia (Saint-S\u00e9bastien en langue basque) la longue carri\u00e8re d\u2019un v\u00e9t\u00e9ran du grand \u00e9cran : le r\u00e9alisateur Costa-Gavras. N\u00e9 en Gr\u00e8ce en 1933, \u00e9migr\u00e9 en France \u00e0 22 ans, citoyen fran\u00e7ais mais qui, comme il l&rsquo;a soulign\u00e9 en conf\u00e9rence de presse, ne peut pas s&#8217;emp\u00eacher de continuer \u00e0 \u00eatre et \u00e0 se penser grec\u00a0\u00bb. Costa-Gavras est \u00a0en effet est un de\u00a0 rares cin\u00e9astes contemporain \u00e0 avoir r\u00e9ussi la synth\u00a7\u00e8s eent erle cin\u00e9ma et le politique. A lui seul il incarne l\u2019id\u00e9al de l&rsquo;intellectuel engag\u00e9, \u00ab\u00a0organique\u00a0\u00bb dans la lign\u00e9e de Gramsci mais transpos\u00e9e sur le grand \u00e9cran.<\/p>\r\n\r\n\r\n\r\n<p><img fetchpriority=\"high\" decoding=\"async\" class=\"alignleft size-full wp-image-4152\" src=\"http:\/\/www.combats-magazine.org\/fr\/wp-content\/uploads\/2019\/09\/index.jpg\" alt=\"\" width=\"259\" height=\"195\" srcset=\"https:\/\/www.combats-magazine.org\/fr\/wp-content\/uploads\/2019\/09\/index.jpg 259w, https:\/\/www.combats-magazine.org\/fr\/wp-content\/uploads\/2019\/09\/index-160x120.jpg 160w\" sizes=\"(max-width: 259px) 100vw, 259px\" \/>Mais, nuance oblige, Costa-Gavras rejette la cat\u00e9gorie de r\u00e9alisateur \u00ab\u00a0politique\u00a0\u00bb, puisque \u00ab\u00a0tout film est une manifestation politique\u00a0\u00bb, et comme il a voulu le souligner, \u00ab\u00a0ceux qui vous mettent le label de <em>cin\u00e9aste politique<\/em>,\u00a0 s\u2019en servent pour vous stigmatiser\u00a0\u00bb. Pas d&rsquo;\u00e9tiquettes donc, pour Costa-Gavras, car \u00ab\u00a0un film ne peut pas \u00eatre come une partie de football, un simple spectacle d&rsquo;\u00e9vasion qui nous amuse pendant deux heures sans laisser de traces\u00a0\u00bb. Malgr\u00e9 un constat plut\u00f4t amer sur les conditions du monde aujourd&rsquo;hui en g\u00e9n\u00e9ral et \u00e0 la Gr\u00e8ce\u00a0 en particulier, Costa-Gavras reste optimiste et&#8230; europ\u00e9iste. \u00ab\u00a0Si nous nous comparons avec\u00a0 l&rsquo;Europe au d\u00e9but du XX si\u00e8cle, nous voyons que nous avons beaucoup progress\u00e9\u00a0\u00bb, a-t-il soulign\u00e9, \u00ab\u00a0la seule fa\u00e7on de trouver des solutions est de rester unis, nous n&rsquo;avons pas d&rsquo;autre choix que de nous entendre\u00a0\u00bb.<\/p>\r\n\r\n\r\n\r\n<p>Ce plaidoyer pour l&rsquo;Europe unie peut para\u00eetre surprenant dans le contexte du festival parce que le prix de Costa-Gavras a co\u00efncid\u00e9 avec la pr\u00e9sentation \u00e0 Saint-S\u00e9bastien de son dernier film \u00ab\u00a0Adults in the room\u00a0\u00bb, inspir\u00e9 de l\u2019autobiographie de Yanis Varoufakis, ancien ministre de l&rsquo;\u00e9conomie du gouvernement Tsipras, qui raconte le combat (perdu) pour essayer de lib\u00e9rer la Gr\u00e8ce des diktats n\u00e9olib\u00e9raux d&rsquo;une Europe \u00e0 traction allemande.<\/p>\r\n\r\n\r\n\r\n<p class=\"has-drop-cap\">\u00a0Soulignons que <em>Adults in the room<\/em> est tir\u00e9 du livre\u00a0 de l\u2019\u00e9conomiste qui fait \u00e9cho \u00e0 celui nom moins c\u00e9l\u00e8bre de Vassili Vassilikos qui inspira Costa-Gavras pour le films Z dans lequel \u00e9tait \u00e9voqu\u00e9 l&rsquo;assassinat d&rsquo;un opposant \u00e0 la dictature des colonels. On reconna\u00eet l\u00e0 sa ligne \u00e9ditoriale.<\/p>\r\n\r\n\r\n\r\n<p>Du livre de Vassilikos, \u00e0 l\u2019autobiographie de Varoufakis, on remarque que Costa-Gavras ne\u00a0 cesse de d\u00e9noncer les abus, et dans les deux cas, il s&rsquo;agit de faire la chronique d&rsquo;un assassinat d&rsquo;une part, et d&rsquo;une d\u00e9route de l&rsquo;autre. Mais, le dernier film du r\u00e9alisateur Costa-Gavras n&rsquo;est pas un pan\u00e9gyrique en honneur de son compatriote, l&rsquo;\u00e9conomiste Varoufakis. \u00ab\u00a0Nous n&rsquo;avons pas besoin d\u2019 h\u00e9ros\u00a0\u00bb, a soulign\u00e9 Costa-Gavras \u00ab\u00a0mais de personnes coh\u00e9rentes, et Varoufakis l&rsquo;a \u00e9t\u00e9, coh\u00e9rent, lorsqu\u2019il a d\u00e9missionn\u00e9, apr\u00e8s que le gouvernement grec a trahi le mandat r\u00e9f\u00e9rendaire du peuple grec\u00a0\u00bb contre les diktats de Bruxelles.<\/p>\r\n\r\n\r\n\r\n<p>Nous disions que le plaidoyer pour une Europe unie, \u00e9tait \u00e9tonnant venant de la part d&rsquo;un grec du poids politique et intellectuel comme Costa-Gavras&#8230; En fait, en reproduisant l&rsquo;arrogance de la bureaucratie de Bruxelles, et les pouvoirs politiques et \u00e9conomiques qui tirent les ficelles, <em>Adults in the room<\/em> photographie le cynisme et le machiav\u00e9lisme des hautes sph\u00e8res du pouvoir et d\u00e9nonce l&rsquo;impuissance des hommes politiques. La ligne entre impuissance et trahison en politique risque d&rsquo;\u00eatre floue. En fait le portrait de Tsipras, le dirigeant qui a objectivement trahi son peuple, dans le film parait plut\u00f4t comme un homme faible et m\u00eame une victime d&rsquo;un engrainage diabolique. Un film qui raconte la victoire du march\u00e9 sur le peuple et de la bureaucratie sur la d\u00e9mocratie. Terminons en signalant la sc\u00e8ne o\u00f9 le chef de gouvernement grec capitule: une danse traditionnelle hell\u00e9nique avec les hommes et les femmes de pouvoir \u00e0 Bruxelles se refermant sur le pauvre Tsipras. Plus qu&rsquo;on homme politique il semblait un taureau dans l&rsquo;ar\u00e8ne d&rsquo;une corrida.<\/p>\r\n","protected":false},"excerpt":{"rendered":"<p>La 67e \u00a0\u00e9dition du Festival du cin\u00e9ma de Saint-S\u00e9bastien a honor\u00e9\u00a0 du premier Prix Donostia (Saint-S\u00e9bastien en langue basque) la longue carri\u00e8re d\u2019un v\u00e9t\u00e9ran du grand \u00e9cran : le r\u00e9alisateur&hellip;<\/p>\n<p class=\"more-link-p\"><a class=\"more-link\" href=\"https:\/\/www.combats-magazine.org\/fr\/festival-de-cinema-de-saint-sebastien-costa-gavras-forever\/\">Lire plus &rarr;<\/a><\/p>\n","protected":false},"author":3,"featured_media":0,"comment_status":"open","ping_status":"open","sticky":true,"template":"","format":"standard","meta":{"footnotes":""},"categories":[55,38],"tags":[],"class_list":["post-4149","post","type-post","status-publish","format-standard","hentry","category-actualite","category-cinema-critique"],"_links":{"self":[{"href":"https:\/\/www.combats-magazine.org\/fr\/wp-json\/wp\/v2\/posts\/4149","targetHints":{"allow":["GET"]}}],"collection":[{"href":"https:\/\/www.combats-magazine.org\/fr\/wp-json\/wp\/v2\/posts"}],"about":[{"href":"https:\/\/www.combats-magazine.org\/fr\/wp-json\/wp\/v2\/types\/post"}],"author":[{"embeddable":true,"href":"https:\/\/www.combats-magazine.org\/fr\/wp-json\/wp\/v2\/users\/3"}],"replies":[{"embeddable":true,"href":"https:\/\/www.combats-magazine.org\/fr\/wp-json\/wp\/v2\/comments?post=4149"}],"version-history":[{"count":0,"href":"https:\/\/www.combats-magazine.org\/fr\/wp-json\/wp\/v2\/posts\/4149\/revisions"}],"wp:attachment":[{"href":"https:\/\/www.combats-magazine.org\/fr\/wp-json\/wp\/v2\/media?parent=4149"}],"wp:term":[{"taxonomy":"category","embeddable":true,"href":"https:\/\/www.combats-magazine.org\/fr\/wp-json\/wp\/v2\/categories?post=4149"},{"taxonomy":"post_tag","embeddable":true,"href":"https:\/\/www.combats-magazine.org\/fr\/wp-json\/wp\/v2\/tags?post=4149"}],"curies":[{"name":"wp","href":"https:\/\/api.w.org\/{rel}","templated":true}]}}