{"id":1883,"date":"2015-08-25T16:42:01","date_gmt":"2015-08-25T14:42:01","guid":{"rendered":"http:\/\/www.combats-magazine.org\/fr\/?p=1883"},"modified":"2024-03-23T13:15:04","modified_gmt":"2024-03-23T11:15:04","slug":"claire-pessin-garric","status":"publish","type":"post","link":"https:\/\/www.combats-magazine.org\/fr\/claire-pessin-garric\/","title":{"rendered":"Claire Pessin-Garric"},"content":{"rendered":"<p>&nbsp;<\/p>\n<p>&nbsp;<\/p>\n<p><span style=\"color: #000000;\">Dans le cadre de notre enqu\u00eate\u00a0 sur les acteurs de la diversit\u00e9 , nous avons rencontr\u00e9 Claire Pessin-Garric<strong><em>, pr\u00e9sidente de la F\u00e9d\u00e9ration des \u0153uvres la\u00efques de la Seine-Saint-Denis.\u00a0 <\/em><\/strong><\/span>Voici son entretien<\/p>\n<p><a href=\"https:\/\/www.youtube.com\/watch?v=CqM1JGQNm8E\"><img fetchpriority=\"high\" decoding=\"async\" class=\"aligncenter  wp-image-1885\" src=\"http:\/\/www.combats-magazine.org\/fr\/wp-content\/uploads\/2015\/08\/Claire-pessin-garric-e1440512980137.png\" alt=\"Claire Pessin- Garric\" width=\"782\" height=\"448\" \/><\/a><\/p>\n","protected":false},"excerpt":{"rendered":"<p>&nbsp; &nbsp; Dans le cadre de notre enqu\u00eate\u00a0 sur les acteurs de la diversit\u00e9 , nous avons rencontr\u00e9 Claire Pessin-Garric, pr\u00e9sidente de la F\u00e9d\u00e9ration des \u0153uvres la\u00efques de la Seine-Saint-Denis.\u00a0&hellip;<\/p>\n<p class=\"more-link-p\"><a class=\"more-link\" href=\"https:\/\/www.combats-magazine.org\/fr\/claire-pessin-garric\/\">Lire plus &rarr;<\/a><\/p>\n","protected":false},"author":4,"featured_media":1885,"comment_status":"open","ping_status":"open","sticky":true,"template":"","format":"standard","meta":{"footnotes":""},"categories":[76,485],"tags":[538,80,539,507],"class_list":["post-1883","post","type-post","status-publish","format-standard","has-post-thumbnail","hentry","category-une","category-acteurs-de-la-diversite-culturelle-2","tag-claire-pessin-garric","tag-diversite-culturelle","tag-ligue-de-lenseignement","tag-seine-saint-denis"],"_links":{"self":[{"href":"https:\/\/www.combats-magazine.org\/fr\/wp-json\/wp\/v2\/posts\/1883","targetHints":{"allow":["GET"]}}],"collection":[{"href":"https:\/\/www.combats-magazine.org\/fr\/wp-json\/wp\/v2\/posts"}],"about":[{"href":"https:\/\/www.combats-magazine.org\/fr\/wp-json\/wp\/v2\/types\/post"}],"author":[{"embeddable":true,"href":"https:\/\/www.combats-magazine.org\/fr\/wp-json\/wp\/v2\/users\/4"}],"replies":[{"embeddable":true,"href":"https:\/\/www.combats-magazine.org\/fr\/wp-json\/wp\/v2\/comments?post=1883"}],"version-history":[{"count":0,"href":"https:\/\/www.combats-magazine.org\/fr\/wp-json\/wp\/v2\/posts\/1883\/revisions"}],"wp:featuredmedia":[{"embeddable":true,"href":"https:\/\/www.combats-magazine.org\/fr\/wp-json\/wp\/v2\/media\/1885"}],"wp:attachment":[{"href":"https:\/\/www.combats-magazine.org\/fr\/wp-json\/wp\/v2\/media?parent=1883"}],"wp:term":[{"taxonomy":"category","embeddable":true,"href":"https:\/\/www.combats-magazine.org\/fr\/wp-json\/wp\/v2\/categories?post=1883"},{"taxonomy":"post_tag","embeddable":true,"href":"https:\/\/www.combats-magazine.org\/fr\/wp-json\/wp\/v2\/tags?post=1883"}],"curies":[{"name":"wp","href":"https:\/\/api.w.org\/{rel}","templated":true}]}}