{"id":1758,"date":"2015-03-03T17:56:48","date_gmt":"2015-03-03T15:56:48","guid":{"rendered":"http:\/\/www.combats-magazine.org\/fr\/?p=1758"},"modified":"2015-03-13T14:25:02","modified_gmt":"2015-03-13T12:25:02","slug":"edition-diversite-culturelle-le-dilemme-amazon","status":"publish","type":"post","link":"https:\/\/www.combats-magazine.org\/fr\/edition-diversite-culturelle-le-dilemme-amazon\/","title":{"rendered":"Edition &#038; Diversit\u00e9 Culturelle: \u00ab\u00a0Le dilemme Amazon\u00a0\u00bb"},"content":{"rendered":"<p style=\"text-align: justify;\"><span style=\"color: #000000;\"><strong>La diversit\u00e9 culturelle ne se r\u00e9sout pas \u00e0 la seule dimension culturelle, tant s&rsquo;en faut, c&rsquo;est aussi et surtout un enjeu \u00e9conomique. Le bras de fer entre Amazon et l\u2019\u00c9tat fran\u00e7ais l&rsquo;illustre de fa\u00e7on \u00e9loquente.<\/strong> <\/span><\/p>\n<p style=\"text-align: justify;\"><span style=\"color: #000000;\">Le 8 juillet 2014, le Parlement fran\u00e7ais adoptait la loi <a href=\"http:\/\/www.lemonde.fr\/technologies\/article\/2014\/06\/26\/adoption-definitive-de-la-loi-anti-amazon_4446124_651865.html\"><span style=\"color: #000000;\">\u00ab\u00a0Anti-Amazon\u00a0\u00bb<\/span><\/a> dans le dessein de prot\u00e9ger les acteurs de la fili\u00e8re du livres &#8211; auteurs, libraires et \u00e9diteurs &#8211; contre cette machine de guerre qu\u2019est Amazon. Cette loi interdisait d\u00e8s alors au g\u00e9ant am\u00e9ricain de cumuler la gratuit\u00e9 des frais de port ainsi qu\u2019un rabais de 5% sur le prix des livres. Ce taux repr\u00e9sente la marge n\u00e9gociable \u00e0 la vente pour les d\u00e9taillants par rapport au prix fix\u00e9 par l\u2019\u00e9diteur. Amazon, qui poss\u00e8de n\u00e9anmoins plus d\u2019un tour dans son sac, contourne la loi avec imp\u00e9tuosit\u00e9. Il se d\u00e9douane de cette interdiction en \u00e9tablissant ses frais d\u2019envoi \u00e0 hauteur de 1 centime d\u2019euro\u00a0! Les mains d\u00e9li\u00e9es, Amazon peut ainsi continuer de pratiquer ce fameux rabais de 5%.<\/span><\/p>\n<p style=\"text-align: justify;\"><span style=\"color: #000000;\">En ce d\u00e9but d\u2019ann\u00e9e, la ministre de la Culture, Fleur Pellerin, revient \u00e0 la charge suite \u00e0 la commercialisation par Amazon de <a href=\"http:\/\/www.amazon.fr\/b?node=5250628031\"><span style=\"color: #000000;\">Kindle Unlimited<\/span><\/a>. Gr\u00e2ce \u00e0 cet abonnement mensuel, les souscrits auront d\u00e9sormais, gratuitement et sans limite aucune, acc\u00e8s \u00e0 plus de 700\u00a0000 ouvrages libre de droits sous format num\u00e9rique. Ceci venant ainsi remettre spontan\u00e9ment en cause l\u2019utilit\u00e9 des prix fix\u00e9s par les \u00e9diteurs.<\/span><\/p>\n<p style=\"text-align: justify;\"><a href=\"http:\/\/www.combats-magazine.org\/fr\/wp-content\/uploads\/2015\/03\/6a00d8341bf7f753ef0115718c5a4e970b.jpg\"><img fetchpriority=\"high\" decoding=\"async\" class=\"alignright size-medium wp-image-1761\" src=\"http:\/\/www.combats-magazine.org\/fr\/wp-content\/uploads\/2015\/03\/6a00d8341bf7f753ef0115718c5a4e970b-300x255.jpg\" alt=\"6a00d8341bf7f753ef0115718c5a4e970b\" width=\"300\" height=\"255\" srcset=\"https:\/\/www.combats-magazine.org\/fr\/wp-content\/uploads\/2015\/03\/6a00d8341bf7f753ef0115718c5a4e970b-300x255.jpg 300w, https:\/\/www.combats-magazine.org\/fr\/wp-content\/uploads\/2015\/03\/6a00d8341bf7f753ef0115718c5a4e970b-260x221.jpg 260w, https:\/\/www.combats-magazine.org\/fr\/wp-content\/uploads\/2015\/03\/6a00d8341bf7f753ef0115718c5a4e970b-160x136.jpg 160w, https:\/\/www.combats-magazine.org\/fr\/wp-content\/uploads\/2015\/03\/6a00d8341bf7f753ef0115718c5a4e970b.jpg 353w\" sizes=\"(max-width: 300px) 100vw, 300px\" \/><\/a> <span style=\"color: #000000;\">Une question soulev\u00e9e par le juriste Jean-Philippe Feldman dans sa <a href=\"http:\/\/www.atlantico.fr\/decryptage\/tribune-pour-proteger-auteurs-et-diversite-culturelle-loi-doit-laisser-creer-jean-philippe-feldman-2015242.html\/page\/0\/1\"><span style=\"color: #000000;\">tribune du 23 f\u00e9vrier 2015 sur Atlantico <\/span><\/a>apporte une nouvelle approche quant \u00e0 cette guerre que livre l\u2019Etat fran\u00e7ais \u00e0 Amazon\u00a0: \u00ab\u00a0<em>pourquoi le \u00ab\u00a0r\u00e9gulateur\u00a0\u00bb (les pouvoirs publics) s\u2019est-il condamn\u00e9 \u00e0 aborder l\u2019innovation comme un probl\u00e8me, plut\u00f4t que comme une chance<\/em>\u00a0?\u00a0\u00bb. Il est vrai que dans un pays o\u00f9 le contexte social et \u00e9conomique est tr\u00e8s affaibli, la question est l\u00e9gitime et m\u00e9rite d\u2019\u00eatre pos\u00e9e. Toujours selon M. Feldman, \u00ab\u00a0<em>la meilleure fa\u00e7on de cr\u00e9er de la valeur, des emplois et des contenus dans la fili\u00e8re culturelle n\u2019est pas de \u00ab prot\u00e9ger \u00bb co\u00fbte que co\u00fbte les auteurs au moyen de barri\u00e8res qui seront in\u00e9luctablement emport\u00e9es par le progr\u00e8s technologique, mais\u2026 de les laisser travailler, cr\u00e9er, et investir de nouveaux champs de production\u00a0\u00bb<\/em>. En effet, ce syst\u00e8me permet \u00e0 des auteurs, bloqu\u00e9s par le circuit classique de l\u2019\u00e9dition, de se lancer dans l\u2019auto\u00e9dition et ainsi de faire conna\u00eetre leurs \u0153uvres. <a href=\"http:\/\/fr.wikipedia.org\/wiki\/Longue_tra%C3%AEne\"><span style=\"color: #000000;\">La th\u00e9orie de la \u00ab\u00a0longue traine\u00a0\u00bb<\/span><\/a> de Chris Anderson vient ici conforter cette logique. Cette th\u00e9orie stipule que les produits qui font l\u2019objet d\u2019une faible demande, ou qui n\u2019ont qu\u2019un faible volume de vente, peuvent collectivement repr\u00e9senter une part de march\u00e9 \u00e9gale voire sup\u00e9rieure \u00e0 celle des best-sellers, si les canaux de distribution peuvent proposer assez de choix, et cr\u00e9er la liaison permettant de les d\u00e9couvrir.<\/span><\/p>\n<p style=\"text-align: justify;\"><span style=\"color: #000000;\">La question est donc de savoir s\u2019il faut continuer de voir Amazon comme un monstre, symbole du capitalisme, qui assassine le m\u00e9tier d&rsquo;\u00e9diteurs ou alors comme une opportunit\u00e9 pour les petits auteurs\u00a0? A cette question vient s&rsquo;ajouter une autre question, et pas des moindres, cette diversit\u00e9 exponentielle de l&rsquo;offre garantie-t-elle une meilleure qualit\u00e9 ?<br \/>\n<\/span><\/p>\n","protected":false},"excerpt":{"rendered":"<p>La diversit\u00e9 culturelle ne se r\u00e9sout pas \u00e0 la seule dimension culturelle, tant s&rsquo;en faut, c&rsquo;est aussi et surtout un enjeu \u00e9conomique. Le bras de fer entre Amazon et l\u2019\u00c9tat&hellip;<\/p>\n<p class=\"more-link-p\"><a class=\"more-link\" href=\"https:\/\/www.combats-magazine.org\/fr\/edition-diversite-culturelle-le-dilemme-amazon\/\">Lire plus &rarr;<\/a><\/p>\n","protected":false},"author":24,"featured_media":0,"comment_status":"open","ping_status":"open","sticky":false,"template":"","format":"standard","meta":{"footnotes":""},"categories":[55,44],"tags":[482],"class_list":["post-1758","post","type-post","status-publish","format-standard","hentry","category-actualite","category-billet","tag-amazon"],"_links":{"self":[{"href":"https:\/\/www.combats-magazine.org\/fr\/wp-json\/wp\/v2\/posts\/1758","targetHints":{"allow":["GET"]}}],"collection":[{"href":"https:\/\/www.combats-magazine.org\/fr\/wp-json\/wp\/v2\/posts"}],"about":[{"href":"https:\/\/www.combats-magazine.org\/fr\/wp-json\/wp\/v2\/types\/post"}],"author":[{"embeddable":true,"href":"https:\/\/www.combats-magazine.org\/fr\/wp-json\/wp\/v2\/users\/24"}],"replies":[{"embeddable":true,"href":"https:\/\/www.combats-magazine.org\/fr\/wp-json\/wp\/v2\/comments?post=1758"}],"version-history":[{"count":0,"href":"https:\/\/www.combats-magazine.org\/fr\/wp-json\/wp\/v2\/posts\/1758\/revisions"}],"wp:attachment":[{"href":"https:\/\/www.combats-magazine.org\/fr\/wp-json\/wp\/v2\/media?parent=1758"}],"wp:term":[{"taxonomy":"category","embeddable":true,"href":"https:\/\/www.combats-magazine.org\/fr\/wp-json\/wp\/v2\/categories?post=1758"},{"taxonomy":"post_tag","embeddable":true,"href":"https:\/\/www.combats-magazine.org\/fr\/wp-json\/wp\/v2\/tags?post=1758"}],"curies":[{"name":"wp","href":"https:\/\/api.w.org\/{rel}","templated":true}]}}