{"id":686,"date":"2012-11-11T22:23:59","date_gmt":"2012-11-11T20:23:59","guid":{"rendered":"http:\/\/www.combats-magazine.org\/fr\/?p=686"},"modified":"2014-05-05T11:49:16","modified_gmt":"2014-05-05T09:49:16","slug":"parlons-juste-le-pain-au-chocolat-du-gouter","status":"publish","type":"post","link":"http:\/\/www.combats-magazine.org\/fr\/parlons-juste-le-pain-au-chocolat-du-gouter\/","title":{"rendered":"Parlons : le pain au chocolat du go\u00fbter"},"content":{"rendered":"<p style=\"text-align: justify;\"><strong>Cher Monsieur Cop\u00e9,<\/strong><\/p>\n<p style=\"text-align: justify;\"><strong>Vous pouvez vous vanter d\u2019avoir fait le buzz sur la toile avec votre pain au chocolat. Pas le v\u00f4tre, certes, mais celui des enfants de l\u2019\u00e9cole \u00e9l\u00e9mentaire qui, selon vous, se le voient\u00a0arracher par les petits musulmans pendant le ramadan. Lisez le coran, cher Monsieur\u00a0: quand on parle de ramadan, on doit savoir ce qu\u2019est le je\u00fbne musulman, quand il a lieu, combien de jours il dure et qui le pratique. Si vous interrogez ne serait-ce qu\u2019une demi-douzaine de musulmans pratiquants, ils vous r\u00e9pondront ceci\u00a0: le je\u00fbne dure une lune compl\u00e8te, de 28 jours \u00e0 29 jours et demi. C\u2019est l\u2019un des cinq piliers de l\u2019Islam avec la profession de foi, les cinq pri\u00e8res quotidiennes, l\u2019aum\u00f4ne et le p\u00e8lerinage \u00e0 la Mecque. Les enfants, les malades, les vieillards peuvent s\u2019abstenir, de m\u00eame que les adultes qui voyagent (mais apr\u00e8s ces derniers doivent \u00ab\u00a0rembourser\u00a0\u00bb les je\u00fbnes manqu\u00e9s).<\/strong><img fetchpriority=\"high\" decoding=\"async\" class=\"alignleft size-full wp-image-689\" title=\"pain au chocolat\" src=\"http:\/\/www.combats-magazine.org\/fr\/wp-content\/uploads\/2012\/11\/pain-au-chocolat.jpg\" alt=\"\" width=\"275\" height=\"183\" \/><\/p>\n<p style=\"text-align: justify;\">Donc, cher Monsieur Cop\u00e9, les petits musulmans de l\u2019\u00e9cole \u00e9l\u00e9mentaire savent pertinemment que les enfants ne sont pas astreints au je\u00fbne. Votre violence verbale \u00e9tait d\u2019autant plus choquante\u00a0: <strong>arracher<\/strong> est violent, le geste est violent\u00a0; on imagine imm\u00e9diatement le pain au chocolat jet\u00e9 \u00e0 terre et pi\u00e9tin\u00e9 rageusement. Avez-vous une seule fois vu ce geste\u00a0? Non, vous vous contentez de reprendre une rumeur que vous avez peut-\u00eatre entendue une seule malheureuse fois.<\/p>\n<p style=\"text-align: justify;\">On <strong>arrache<\/strong> des mauvaises herbes, on les d\u00e9racine. On <strong>arrache<\/strong> un clou avec une paire de pinces. On peut <strong>arracher<\/strong> des larmes \u00e0 quelqu\u2019un en lui racontant une histoire triste. Si l\u2019on prend d\u2019autres exemples du Robert, on se rendra compte de la violence du terme\u00a0: <strong>arracher<\/strong> quelqu\u2019un de son logement. <strong>S\u2019arracher<\/strong> des v\u00eatements sold\u00e9s. <strong>S\u2019arracher<\/strong> des bras de quelqu\u2019un. <strong>S\u2019arracher<\/strong> au pass\u00e9\u2026 etc.<\/p>\n<p style=\"text-align: justify;\">Deuxi\u00e8me point, essentiel\u00a0: on peut \u00e9viter ce genre de rumeur reprise par certains politiques si on respecte les programmes de sixi\u00e8me\u00a0; en effet, l\u2019histoire des religions y figure et les grands textes fondateurs en font partie. Or, si l\u2019on trouve dans les manuels de fran\u00e7ais l\u2019Iliade, l\u2019Odyss\u00e9e et la Bible, on y chercherait en vain une sourate coranique. La Bible et le Coran ont des points communs\u00a0; les trois religions abrahamaniques se ressemblent beaucoup\u00a0; j\u2019ai entendu des professeurs all\u00e9guer que l\u2019\u00e9cole r\u00e9publicaine est la\u00efque. Soit. Il ne s\u2019agit pas de d\u00e9crire uniquement le christianisme et de parler de foi ou de gr\u00e2ce. Il s\u2019agit d\u2019apprendre \u00e0 nos ch\u00e9rubins les caract\u00e9ristiques des religions, pourquoi bien souvent elles se d\u00e9chirent et, \u00e0 ce titre, font partie de l\u2019Histoire avec un grand H. C\u2019est ce qui se pratique dans les \u00e9coles multiconfessionnelles de certains pays et c\u2019est tout b\u00e9n\u00e9fice pour les \u00e9l\u00e8ves.<\/p>\n","protected":false},"excerpt":{"rendered":"<p>Cher Monsieur Cop\u00e9, Vous pouvez vous vanter d\u2019avoir fait le buzz sur la toile avec votre pain au chocolat. Pas le v\u00f4tre, certes, mais celui des enfants de l\u2019\u00e9cole \u00e9l\u00e9mentaire&hellip;<\/p>\n<p class=\"more-link-p\"><a class=\"more-link\" href=\"http:\/\/www.combats-magazine.org\/fr\/parlons-juste-le-pain-au-chocolat-du-gouter\/\">Lire plus &rarr;<\/a><\/p>\n","protected":false},"author":12,"featured_media":689,"comment_status":"open","ping_status":"open","sticky":false,"template":"","format":"standard","meta":{"footnotes":""},"categories":[44],"tags":[199,197,200,198],"class_list":["post-686","post","type-post","status-publish","format-standard","has-post-thumbnail","hentry","category-billet","tag-islam","tag-jean-francois-cope","tag-jeune","tag-pain-au-chocolat"],"_links":{"self":[{"href":"http:\/\/www.combats-magazine.org\/fr\/wp-json\/wp\/v2\/posts\/686","targetHints":{"allow":["GET"]}}],"collection":[{"href":"http:\/\/www.combats-magazine.org\/fr\/wp-json\/wp\/v2\/posts"}],"about":[{"href":"http:\/\/www.combats-magazine.org\/fr\/wp-json\/wp\/v2\/types\/post"}],"author":[{"embeddable":true,"href":"http:\/\/www.combats-magazine.org\/fr\/wp-json\/wp\/v2\/users\/12"}],"replies":[{"embeddable":true,"href":"http:\/\/www.combats-magazine.org\/fr\/wp-json\/wp\/v2\/comments?post=686"}],"version-history":[{"count":0,"href":"http:\/\/www.combats-magazine.org\/fr\/wp-json\/wp\/v2\/posts\/686\/revisions"}],"wp:featuredmedia":[{"embeddable":true,"href":"http:\/\/www.combats-magazine.org\/fr\/wp-json\/wp\/v2\/media\/689"}],"wp:attachment":[{"href":"http:\/\/www.combats-magazine.org\/fr\/wp-json\/wp\/v2\/media?parent=686"}],"wp:term":[{"taxonomy":"category","embeddable":true,"href":"http:\/\/www.combats-magazine.org\/fr\/wp-json\/wp\/v2\/categories?post=686"},{"taxonomy":"post_tag","embeddable":true,"href":"http:\/\/www.combats-magazine.org\/fr\/wp-json\/wp\/v2\/tags?post=686"}],"curies":[{"name":"wp","href":"https:\/\/api.w.org\/{rel}","templated":true}]}}