{"id":649,"date":"2012-10-27T13:00:32","date_gmt":"2012-10-27T11:00:32","guid":{"rendered":"http:\/\/www.combats-magazine.org\/fr\/?p=649"},"modified":"2014-05-05T15:47:05","modified_gmt":"2014-05-05T13:47:05","slug":"parlons-juste-professeurs-detaches%e2%80%a6","status":"publish","type":"post","link":"http:\/\/www.combats-magazine.org\/fr\/parlons-juste-professeurs-detaches%e2%80%a6\/","title":{"rendered":"Parlons juste  :   Professeurs d\u00e9tach\u00e9s\u2026"},"content":{"rendered":"<p><a href=\"http:\/\/www.combats-magazine.org\/fr\/wp-content\/uploads\/2012\/10\/absenteisme-des-enseignants-du-primaire-point-du-doigt.jpg\"><img fetchpriority=\"high\" decoding=\"async\" class=\"alignleft size-medium wp-image-652\" title=\"absenteisme-des-enseignants-du-primaire-point--du-doigt\" src=\"http:\/\/www.combats-magazine.org\/fr\/wp-content\/uploads\/2012\/10\/absenteisme-des-enseignants-du-primaire-point-du-doigt-300x199.jpg\" alt=\"\" width=\"300\" height=\"199\" srcset=\"http:\/\/www.combats-magazine.org\/fr\/wp-content\/uploads\/2012\/10\/absenteisme-des-enseignants-du-primaire-point-du-doigt-300x199.jpg 300w, http:\/\/www.combats-magazine.org\/fr\/wp-content\/uploads\/2012\/10\/absenteisme-des-enseignants-du-primaire-point-du-doigt.jpg 512w\" sizes=\"(max-width: 300px) 100vw, 300px\" \/><\/a><\/p>\n<p style=\"text-align: justify;\">Guillaume Peltier, secr\u00e9taire national de l&rsquo;UMP,\u00a0 affirmait sur D8 le 18 octobre dernier\u00a0: \u00ab\u00a0Il y a 45000 professeurs d\u00e9tach\u00e9s dans les syndicats\u00a0\u00bb. Chiffre ahurissant, surtout si l\u2019on se rend dans la journ\u00e9e sur le site des d\u00e9codeurs, surtout si l\u2019on se r\u00e9f\u00e8re au dernier, brandi par l\u2019ex-ministre Darcos, en 2007 ou 2008. \u00ab\u00a0Il y a 28000 professeurs d\u00e9tach\u00e9s ici ou l\u00e0,\u00a0(\u2026) nous allons les remettre au travail\u00a0\u00bb.<\/p>\n<p style=\"text-align: justify;\">Lui n \u2018avait pas dit \u00ab\u00a0<strong>d\u00e9tach\u00e9s<\/strong> dans les syndicats\u00a0\u00bb. En r\u00e9alit\u00e9 il y a environ mille professeurs <strong>d\u00e9tach\u00e9s<\/strong> dans les syndicats \u00e0 temps plein. Monsieur Peltier, comme Monsieur Darcos, sont tous les deux professeurs de l\u2019\u00e9ducation nationale \u00ab\u00a0<strong>d\u00e9tach\u00e9s<\/strong> \u00bb, l\u2019un dans un parti politique, l\u2019autre dans un minist\u00e8re il y a quelques ann\u00e9es.<\/p>\n<p style=\"text-align: justify;\">Qu\u2019est ce qu\u2019un professeur <strong>d\u00e9tach\u00e9<\/strong> ? Celui qui en a marre d\u2019\u00eatre <strong>attach\u00e9<\/strong> \u00e0 des classes de 36 \u00e9l\u00e8ves, \u00e0 un bureau miteux, un tableau noir poussi\u00e9reux, \u00e0 une salle des profs o\u00f9 le caf\u00e9 est infect, \u00e0 des ordinateurs qui rament et \u00e0 des escaliers casse-gueule(s) o\u00f9 des hordes de m\u00f4mes braillards et insolents risquent \u00e0 tout instant de vous rentrer dedans en vous insultant. J\u2019exag\u00e8re\u00a0? Oui, un peu, je l\u2019avoue tr\u00e8s humblement.<\/p>\n<p style=\"text-align: justify;\">Pourquoi Guillaume Peltier a-t-il alors claironn\u00e9 ce nombre de 45000\u00a0?<\/p>\n<p style=\"text-align: justify;\">Peut-\u00eatre a-t-il confondu avec les 40000 postes \u00e0 cr\u00e9er \u00e0 la rentr\u00e9e 2013 par l\u2019actuel ministre Peillon. Quelques mois plus tard, plusieurs centaines d\u00e9missionneront ou se suicideront\u00a0 apr\u00e8s avoir re\u00e7u des coups, des injures ou des crachats, quand ce n\u2019est pas plus; l\u2019ann\u00e9e suivante, quelques milliers <strong>se d\u00e9tacheront<\/strong> de leurs cha\u00eenes en postulant, \u00e0 l\u2019occasion du \u00ab\u00a0mouvement\u00a0\u00bb de juin 2014.des affectations ds les Alliances Fran\u00e7aises ou les centres culturels africains ou asiatiques, voire dans de superbes \u00e9coles chr\u00e9tiennes, comme Sainte Marie de Hann \u00e0 Dakar o\u00f9 de magnifique oiseaux m\u00e9tallis\u00e9s picorent leur pitance dans les all\u00e9es sableuses, o\u00f9 les musulmans et les catholiques s\u2019entendent \u00e0 merveille, sauf que les profs <strong>d\u00e9tach\u00e9s<\/strong> touchent un salaire environ huit fois sup\u00e9rieur \u00e0 celui de leurs coll\u00e8gues s\u00e9n\u00e9galais.<\/p>\n<p style=\"text-align: justify;\">Faut-il pr\u00e9ciser que le prof de gym basique peut devenir alors directeur, concepteur, cr\u00e9ateur et gestionnaire de fonds\u00a0? Tent\u00e9 parfois de piquer dans la caisse, il ne sera gu\u00e8re inqui\u00e9t\u00e9\u00a0; peut-\u00eatre destitu\u00e9 en mai-juin , il retrouvera son poste et son salaire int\u00e9gral \u00e0 la rentr\u00e9e suivante. Sans rien rembourser. Sans plainte ni proc\u00e8s.<\/p>\n<p style=\"text-align: justify;\">IM<\/p>\n<p lang=\"fr-FR\" style=\"text-align: justify;\">\n<p lang=\"fr-FR\" style=\"text-align: justify;\">\n<p lang=\"fr-FR\" style=\"text-align: justify;\">\n<p lang=\"fr-FR\" style=\"text-align: justify;\">\n<p style=\"text-align: justify;\">Parlons juste(5)<\/p>\n<p style=\"text-align: justify;\">Droit d\u2019exploitation\u00a0.<br \/>\nUne affaire int\u00e9ressante occupe aujourd\u2019hui la paysannerie du Perche. A Dorceau, pr\u00e8s de R\u00e9malard, un couple ach\u00e8te une ferme \u00e0 l\u2019abandon de 76 hectares, dont les terres \u00e9taient \u00e0 louer. Un jeune agriculteur du coin avait obtenu en 2011 l\u2019autorisation d\u2019exploiter les terres. Malencontreusement le pr\u00e9fet s\u2019est tromp\u00e9 et a donn\u00e9 le permis \u00e0 Mr et Madame X quand ils en ont fait la demande apr\u00e8s leur acquisition. La conf\u00e9d\u00e9ration paysanne porte plainte aupr\u00e8s du tribunal administratif\u00a0: on retire son permis \u00e0 l\u2019acheteur et on lui indique la date butoir du 30 septembre 2012. Le week end du 29\/30 septembre, les propri\u00e9taires ensemencent en bl\u00e9 les 76 ha. Une entreprise\u00a0prestataire de services arrive sur le terrain avec deux \u00e9normes charrues et un semoir industriel.<\/p>\n<p style=\"text-align: justify;\">Entre temps le jeune a trouv\u00e9 une autre terre \u00e0 exploiter, un autre s\u2019est mis sur les rangs pour avoir ce permis. Comme le bl\u00e9 est sem\u00e9, il s\u2019est trouv\u00e9 un autre travail salari\u00e9.<\/p>\n<p style=\"text-align: justify;\">Cette histoire pose plusieurs questions\u00a0: on doit avoir un permis d\u2019exploiter pour le sol, le sous-sol, une ligne a\u00e9rienne, un bar ou un restaurant. Exploiter, c\u2019est mettre en valeur. On ne va pas mettre des lavandes \u00e0 Dorceau sous pr\u00e9texte que \u00e7a sent bon\u00a0: il pleut trop. Les lavandes pourriraient. Il faut donc savoir et le bac professionnel agricole est requis au minimum.<\/p>\n<p style=\"text-align: justify;\">On a aussi le droit de regarder ce qui se passe dans le monde, de constater la flamb\u00e9e du prix des c\u00e9r\u00e9ales, et du foncier agricole. Mr et Mme X ont d\u00e9j\u00e0 quelques centaines d\u2019hectares. Ils vont r\u00e9aliser une jolie plus value s\u2019ils augmentent leur r\u00e9coltes en 2013 par cet achat de terres. C\u2019est cela sp\u00e9culer\u00a0: regarder, observer et en tirer les cons\u00e9quences financi\u00e8res. Curieux de constater que ce verbe a la m\u00eame racine que spectateur ou suspecter. Un suspect, on le regarde particuli\u00e8rement bien, pour se rappeler son visage, sa silhouette. Sp\u00e9culer, c\u2019est observer avec son esprit. Sachant que le prix du bl\u00e9 a augment\u00e9 de 15% en 2011 et a continu\u00e9 sa fuite en avant en 2012 , Mr et Mme X ont probablement fait une excellente affaire. En revanche, me pr\u00e9cise la Conf\u00e9d\u00e9ration paysanne, les gros ont les m\u00eames droits que les petits et ne peuvent se soustraire \u00e0 la loi. Ils ne peuvent donc toucher les aides europ\u00e9ennes (la PAC) s\u2019ils n\u2019ont pas ce permis. C\u2019est dur pour les \u00ab\u00a0petits\u00a0\u00bb, de voir les \u00ab\u00a0gros\u00a0\u00bb accaparer les terres agricoles alors que de nombreux jeunes ne peuvent s\u2019\u00e9tablir faute d\u2019argent\u2026.<\/p>\n<p style=\"text-align: justify;\">Cher Monsieur et Madame X, vous avez le droit de louer la moiti\u00e9 de votre acquisition \u00e0 un jeune qui veut s\u2019installer\u2026vous avez le droit de l\u2018aider, de le prendre sous votre aile.<br \/>\nVous avez le droit de respecter la loi. Vous avez aussi le droit de sp\u00e9culer m\u00eame si ce n\u2019est pas toujours joli joli.<br \/>\nMais vs n\u2019avez plus le droit d\u2019entrer sur vos terres avec un engin agricole. Vous risquez une amende de 9OO euros l\u2019hectare. La tonne de bl\u00e9 aujourd\u2019hui co\u00fbte 250 euros environ.<\/p>\n<p lang=\"fr-FR\" style=\"text-align: justify;\">\n<p lang=\"fr-FR\" style=\"text-align: justify;\">\n<p lang=\"fr-FR\" style=\"text-align: justify;\">\n<p lang=\"fr-FR\" style=\"text-align: justify;\">\n<p lang=\"fr-FR\" style=\"text-align: justify;\">\n<p lang=\"fr-FR\" style=\"text-align: justify;\">\n<p lang=\"fr-FR\" style=\"text-align: justify;\">\n<p lang=\"fr-FR\" style=\"text-align: justify;\">\n<p lang=\"fr-FR\" style=\"text-align: justify;\">\n<p style=\"text-align: justify;\"><span style=\"font-family: Times New Roman,serif;\"><span style=\"font-size: small;\">Le 2 octobre dernier, les fr\u00e8res Karabatic sont mis en examen pour escroquerie dans le cadre d\u2019un pari truqu\u00e9 sur le match de Cesson-Montpellier le 12 mai dernier. Retour sur les faits de cette affaire.<\/span><\/span><\/p>\n<p style=\"text-align: justify;\"><span style=\"font-family: Times New Roman,serif;\"><span style=\"font-size: small;\">Le 25 septembre dernier, une affaire \u00e9clate sur le site internet de France 3 Languedoc Roussillon. Elle impliquerait 8 joueurs du Montpellier Agglom\u00e9ration Handball dans le cadre d\u2019une mi-temps truqu\u00e9e qui aurait contribu\u00e9 \u00e0 de forts gains d\u2019argent chez des proches de joueur. C\u2019est du moins ce que r\u00e9v\u00e8le la Fran\u00e7aise des jeux qui aurait enregistr\u00e9 une affluence inhabituelle sur ce match pr\u00e9cis.<br \/>\nQuelques jours plus tard, \u00e0 l\u2019issue de la rencontre contre le PSG, 12 joueurs ont \u00e9t\u00e9 interpell\u00e9s par la police. Au final, 5 joueurs de Montpellier (dont les fr\u00e8res Karabatic), 2 d\u2019u autre club et les compagnes des fr\u00e8res Karabatic ont \u00e9t\u00e9 mis en examen.<br \/>\nLes deux joueurs point\u00e9s du doigt serait Luka et Nikola Karabatic. Le premier reconnait avoir ordonn\u00e9 \u00e0 sa femme de parier sur ce match. Quand \u00e0 Nikola il nie avoir pari\u00e9, cependant il avoue sur son compte Facebook que sa femme aurait pari\u00e9 en son \u00e2me et conscience car \u00ab\u00a0elle s\u2019y connait dans le championnat\u00a0\u00bb et qu\u2019elle \u00ab\u00a0suit Montpellier depuis 2 ans. En effet, cette th\u00e8se est plausible. Rappelons les faits, Cesson, en danger de rel\u00e9gation se devait de gagner, alors que Montpellier \u00e9tait d\u00e9j\u00e0 sacr\u00e9 champion. Le sc\u00e9nario \u00e9tait probable, cependant miser 70\u00a0000 \u20ac requiert plus qu\u2019une simple probabilit\u00e9 mais une certitude.<br \/>\nQuelle na\u00efvet\u00e9\u00a0! Il est facile de retrouver l\u2019identit\u00e9 des parieurs quand de telles sommes sont en jeu. Les fr\u00e8res Karabatic et leurs \u00e9pouses savent qu\u2019il est interdit de miser sur un match lorsqu\u2019on est un proche d\u2019un des acteurs de ce match. L\u2019autre aspect qui me frappe, c\u2019est celui-ci\u00a0: pourquoi avoir jou\u00e9 et trich\u00e9\u00a0? La premi\u00e8re r\u00e9ponse qui me vient est \u00e9videmment d\u2019ordre financier. Elle est compr\u00e9hensible pour Luka qui a un salaire d\u2019environ 3000\u20ac par mois. Bon moyen pour lui de se remplir les poches. Cette r\u00e9ponse est en revanche bien moins coh\u00e9rente pour son a\u00een\u00e9. Son salaire annuel s\u2019\u00e9l\u00e8verait \u00e0 600\u00a0000\u20ac. Risquer toute sa carri\u00e8re et son image pour environ deux \u00e0 trois mois de salaire me parait \u00eatre un bien mauvais calcul. Pas aussi dou\u00e9 en affaires que sur le terrain, le petit Nikola.<\/span><\/span><\/p>\n<p style=\"text-align: justify;\"><span style=\"font-family: Times New Roman,serif;\"><span style=\"font-size: small;\">Yohan Havre, terminale ES, 16 ans<\/span><\/span><\/p>\n<p lang=\"fr-FR\" style=\"text-align: justify;\">\n<p style=\"text-align: justify;\">Du r\u00eave au cauchemar.<\/p>\n<p lang=\"fr-FR\" style=\"text-align: justify;\">\n<p style=\"text-align: justify;\">Cher Nikola Karabatic,<\/p>\n<p style=\"text-align: justify;\">J\u2019ai aim\u00e9 votre parcours. Vous avez d\u2019abord fait r\u00eaver toute une ville, Montpellier, qui a mis\u00e9 sur votre image une part importante de sa communication.<br \/>\nVous avez ensuite fait r\u00eaver la France enti\u00e8re avec plusieurs victoires en championnat d\u2019Europe et en championnats du monde.<br \/>\nR\u00e9cemment vous avez obtenu l\u2019apoth\u00e9ose avec cette deuxi\u00e8me m\u00e9daille d\u2019or aux J.O. de Londres.<\/p>\n<p style=\"text-align: justify;\">Vous \u00e9tiez intouchable. Un dieu du stade. Votre belle gueule, votre sourire ravageur \u00e9tincelaient devant les cam\u00e9ras. La f\u00e9d\u00e9ration de hand ball avait doubl\u00e9 le nombre de ses adh\u00e9rents.<\/p>\n<p style=\"text-align: justify;\">Vous touchiez annuellement 350000 euros brut plus 600000 de l\u2019\u00e9quipementier Asics qui parlait de votre fair play, de la r\u00e9ussite de votre int\u00e9gration et louait votre parcours en termes tr\u00e8s \u00e9logieux. C\u2019\u00e9tait donc trop peu\u00a0? Vous ambitionniez plus\u00a0? Un salaire de footballeur\u00a0?<\/p>\n<p style=\"text-align: justify;\">Il y a quelques semaines vous avez \u00e9t\u00e9 interpell\u00e9 pour une histoire de paris truqu\u00e9s, avec une douzaine d\u2019autres personnes. Le procureur ne vous a pas m\u00e9nag\u00e9. Vous n\u2019avez rien dit.<br \/>\nVous avez \u00e9t\u00e9 mis en examen. Vous avez \u00e9crit sur Facebook\u00a0: \u00ab\u00a0Je n\u2019ai pas jou\u00e9, ma copine a jou\u00e9, elle me l\u2019a dit. C\u2019est un cauchemar.\u00a0\u00bb<\/p>\n<p style=\"text-align: justify;\">Voil\u00e0 pour le pass\u00e9. Le pr\u00e9sent, c\u2019est ce cauchemar qui vous hante et vous obs\u00e8de. Vous l\u2019avez bien employ\u00e9, ce mot, au sens propre et au sens figur\u00e9. C\u2019est votre pr\u00e9sent. Vous allez \u00eatre d\u00e9f\u00e9r\u00e9 devant un juge pour escroquerie. Montpellier perd son champion, son image, les 800\u00a0000 euros du rachat de votre transfert qui en a co\u00fbt\u00e9 1.5000.000, rappelons-le. Votre contrat de travail arrivera \u00e0 sa fin et ne sera pas renouvel\u00e9. Votre valeur marchande va d\u00e9gringoler. Pas tr\u00e8s dou\u00e9 en affaires, cher Nikola.<\/p>\n<p style=\"text-align: justify;\">Comment pourrez-vous jamais retrouver votre image, votre sourire, et l\u2019amour de votre pays d\u2019adoption\u00a0? Coupable ou pas, condamn\u00e9 ou pas, votre na\u00efvet\u00e9, que souligne La Canard encha\u00een\u00e9 pour ne pas vous enfoncer plus, vous aura perdu. Vous partirez peut-\u00eatre \u00e0 l\u2019\u00e9tranger\u00a0; on vous oubliera, certains vous m\u00e9priseront.<\/p>\n<p style=\"text-align: justify;\">Parce que vous n\u2019avez pas dit non\u00a0!<\/p>\n<p style=\"text-align: justify;\">Tout simplement.<\/p>\n<p style=\"text-align: justify;\">Non au jeu, au pari interdit aux joueurs.<br \/>\nParce que vous avec voulu plus. Quand on est double m\u00e9daill\u00e9 olympique, on doit rester intouchable. Moralement.<\/p>\n<p style=\"text-align: justify;\">On doit savoir dire non.<\/p>\n<p style=\"text-align: justify;\">IM<\/p>\n<p lang=\"fr-FR\" style=\"text-align: justify;\">\n<p lang=\"fr-FR\" style=\"text-align: justify;\">\n<p lang=\"fr-FR\" style=\"text-align: justify;\">\n<p lang=\"fr-FR\" style=\"text-align: justify;\">\n<p style=\"text-align: justify;\">Parlons juste(3)<\/p>\n<p style=\"text-align: justify;\">Un budget d\u2019aust\u00e9rit\u00e9.<\/p>\n<p style=\"text-align: justify;\">Fran\u00e7ois Rebsamen, interrog\u00e9 par Public S\u00e9nat ce 25 septembre \u00e0 propos d\u2019un budget \u00ab\u00a0d\u2019aust\u00e9rit\u00e9\u00a0\u00bb ass\u00e8ne \u00e0 son interlocuteur un vigoureux \u00ab\u00a0Je r\u00e9cuse le terme aust\u00e9rit\u00e9\u00a0\u00bb en ajoutant\u00a0: \u00ab\u00a0C\u2019est un budget rigoureux\u00a0\u00bb. Diable\u00a0!!!<\/p>\n<p style=\"text-align: justify;\">Ils sont dr\u00f4les, les politiques. Ils sont intelligents, souvent\u00a0; ils ont de l\u2019humour, parfois, mais ils utilisent les mots n\u2019importe comment.<\/p>\n<p style=\"text-align: justify;\">L\u2019ennui, c\u2019est que ces deux adjectifs sont synonymes. La rigueur et l\u2019aust\u00e9rit\u00e9, kif kif\u00a0! Derri\u00e8re ces mots il y a s\u00e9v\u00e9rit\u00e9, privation. On se prive de fonctionnaires, d\u2019augmentation de salaire, de m\u00e9dicaments parce qu\u2019ils ne sont plus rembours\u00e9s, de vacances aux Maldives. Oh, mon Dieu\u00a0! Pas d\u2019oc\u00e9an turquoise cette ann\u00e9e\u00a0! Au moins ne risquera-t\u2019on pas de tsunami. Ces raisins sont trop verts, disait le renard incapable de sauter pour les atteindre.<\/p>\n<p style=\"text-align: justify;\">Je suis \u00e9tonn\u00e9e de voir que, chaque fois que l\u2019on parle de budget, l\u2019opposition crie au scandale, oubliant que 2011 fut une ann\u00e9e aust\u00e8re, que 2010 itou\u2026 Et encore plus \u00e9tonn\u00e9e que le socialiste interrog\u00e9 omette de rappeler que le pr\u00e9c\u00e9dent quinquennat a augment\u00e9 le d\u00e9ficit de 54 Milliards. Quel bond en avant\u00a0! Une guerre en Libye, une presque guerre en C\u00f4te d\u2019Ivoire et le compte doit y \u00eatre. A moins que pour la premi\u00e8re, sans nous l\u2019avoir dit, le pr\u00e9c\u00e9dent gouvernement se soit fait rembourser par l\u2019ONU\u2026<\/p>\n<p style=\"text-align: justify;\">L\u2019aust\u00e9rit\u00e9, c\u2019est aussi, nous dit le Robert, la gestion stricte de l\u2019\u00e9conomie d\u2019un pays. Ah bon\u00a0! il y a donc des gestions l\u00e2ches, n\u00e9gligentes, voire rel\u00e2ch\u00e9es\u00a0?<\/p>\n<p style=\"text-align: justify;\">En tout cas, ce matin, Monsieur Rebsamen avait rev\u00eatu un costume strict et une cravate n\u00e9gligemment nou\u00e9e, ray\u00e9e de vert.<\/p>\n<p style=\"text-align: justify;\">Rien d\u2019aust\u00e8re \u00e0 la v\u00e9rit\u00e9.<\/p>\n<p lang=\"fr-FR\" style=\"text-align: justify;\">\n<p lang=\"fr-FR\" style=\"text-align: justify;\">\n<p lang=\"fr-FR\" style=\"text-align: justify;\">\n<p lang=\"fr-FR\" style=\"text-align: justify;\">\n<p lang=\"fr-FR\" style=\"text-align: justify;\">\n<p lang=\"fr-FR\" style=\"text-align: justify;\">\n<p lang=\"fr-FR\" style=\"text-align: justify;\">\n<p lang=\"fr-FR\" style=\"text-align: justify;\">\n<p lang=\"fr-FR\" style=\"text-align: justify;\">\n<p style=\"text-align: justify;\">Var matin, 18 septembre<\/p>\n<p style=\"text-align: justify;\">Il appara\u00eet qu&rsquo;une adjointe au maire de la Seyne sur mer a refus\u00e9 de c\u00e9l\u00e9brer un mariage le 6 septembre dernier au motif que la femme portait le voile.<\/p>\n<p style=\"text-align: justify;\">Encore une qui ne connait pas la diff\u00e9rence entre le verbe voiler qui veut dire cacher dans tous les dictionnaires de r\u00e9f\u00e9rence et un autre qui n&rsquo;existe pas et qu&rsquo;il serait peut-\u00eatre judicieux de cr\u00e9er tant que les officiers d&rsquo;\u00e9tat-civil commettront des impairs aussi \u00e9tonnants que, disons le mot, ridicules. On pourrait proposer foularder ou enfoularder(comme endiamanter).<\/p>\n<p style=\"text-align: justify;\">Plus simplement, la jeune femme portait un foulard.<\/p>\n<p style=\"text-align: justify;\">L&rsquo;avocat de cette jeune femme dit que son foulard cachait ses cheveux et laissait libre et apparent son visage.<\/p>\n<p style=\"text-align: justify;\">Donc elle n&rsquo;\u00e9tait pas voil\u00e9e et ne tombait en aucun cas sous le coup de la loi qui concerne, rappelons-le, les femmes int\u00e9gralement voil\u00e9es, d&rsquo;une burka afghane ou d&rsquo;un niqab, sur la voie publique.<\/p>\n<p style=\"text-align: justify;\">Donc on la reconnait, elle a une pi\u00e8ce d&rsquo;identit\u00e9 et la photo correspond.<\/p>\n<p style=\"text-align: justify;\">C&rsquo;est clair.<\/p>\n<p style=\"text-align: justify;\">La jeune femme qui voulait se marier a donc \u00e9t\u00e9 discrimin\u00e9e. On peut \u00eatre discrimin\u00e9e juste parce qu\u2019on emploie un mot \u00e0 la place d\u2019une autre.<\/p>\n<p style=\"text-align: justify;\">l&rsquo;adjointe au maire \u00e0 commis \u2013 \u00e0 mon humble avis de linguiste \u2013 un abus de pouvoir, car elle a mis au premier plan sa vision de la la\u00efcit\u00e9, ce que , de toute \u00e9vidence, elle ne doit pas faire. La jeune femme est musulmane, elle se couvre les cheveux, symbole sexuel ds les trois religions abrahamaniques , car les juives se couvrent \u00e9galement les cheveux \u00e0 la synagogue et les catholiques, il y a cinquante ans aussi, quand elle entraient dans une \u00e9glise. Est-il besoin de rappeler que c\u2019est pour elles qu\u2019a \u00e9t\u00e9 cr\u00e9\u00e9 le fameux carr\u00e9 Herm\u00e8s\u00a0?<\/p>\n<p style=\"text-align: justify;\">Allez, Madame l\u2019adjointe, voilez-vous la face, partez en vacances et mettez les voiles.<\/p>\n<p style=\"text-align: justify;\">IM<\/p>\n<p style=\"text-align: justify;\">Ps. A propos, la la\u00efcit\u00e9, qu\u2019est-ce que c\u2019est\u00a0? Il faudrait peut-\u00eatre un jour revenir aux fondamentaux.<\/p>\n<p lang=\"fr-FR\" style=\"text-align: justify;\">\n<p style=\"text-align: justify;\">.<\/p>\n<p lang=\"fr-FR\" style=\"text-align: justify;\">\n<p style=\"text-align: justify;\">Parlons juste(2)<br \/>\nCher Vincent Peillon,<\/p>\n<p style=\"text-align: justify;\">Vous \u00eates philosophe, comme Luc Ferry, qui vous a pr\u00e9c\u00e9d\u00e9 \u00e0 la t\u00eate de la plus grosse entreprise de France. La philosophie, avons-nous appris en terminale, c\u2019est l\u2019amour de la sagesse. C\u2019est aussi et surtout, la r\u00e9flexion dans l\u2019action. Alors, par piti\u00e9, laissez la communication \u2013 bien souvent l\u2019art de la d\u00e9sinformation et du clairon \u2013 \u00e0 vos pr\u00e9d\u00e9cesseurs, et agissez. Quant aux futurs cours de \u00ab\u00a0morale la\u00efque\u00a0\u00bb, apprise et not\u00e9e, voyez avec quelques conseillers et surtout, qq professeurs de philo ou d\u2019histoire ce qu\u2019ils en pensent. J\u2019imagine d\u00e9j\u00e0 un cours d\u2019une heure par semaine, avec interro \u00e9crite et annotation trimestrielle\u2026.<\/p>\n<p style=\"text-align: justify;\">Il n\u2019y a pas de morale religieuse ou la\u00efque. Il y a la morale, science du bien et du mal, nous dit le Robert, ce que l\u2019on doit faire et ne pas faire, ce qui est bien et ce qui ne l\u2019est pas. Ecoutez plut\u00f4t\u00a0: \u00ab\u00a0Cet achat de n\u00e8gres, pour les r\u00e9duire en esclavage, est un n\u00e9goce qui viole la religion, la morale, les lois naturelles et tous les droits de la nature humaine\u00a0\u00bb ( Jaucourt, article Traite des N\u00e8gres, in Encyclop\u00e9die, 1751-1772). Il est bon de dire la v\u00e9rit\u00e9, de donner, d\u2019\u00eatre g\u00e9n\u00e9reux, de partager, il n\u2019est pas bon d\u2019\u00eatre \u00e9go\u00efste, de ne penser qu\u2019\u00e0 l\u2019argent, de l\u2019\u00e9riger en valeur supr\u00eame. L\u2019aum\u00f4ne obligatoire chez les Musulmans, de pr\u00e9f\u00e9rence le vendredi, me semble une excellente chose. Elle est un des cinq piliers de l\u2019Islam et apprend aux Musulmans \u00e0 donner et \u00e0 partager. Si l\u2019on peut parler de morale sto\u00efcienne, chr\u00e9tienne ou \u00e9picurienne, Il n\u2019y a qu\u2019une science du bien et du mal.<br \/>\nNormalement, ce sont aux parents d\u2019inculquent la morale \u00e0 leurs enfants. Et puis l\u2019\u00e9cole a pris le relais car bien des parents baissaient \u2013 baissent\u00a0? \u2013 les bras. L\u2019intrusion des \u00e9crans multiples a enferm\u00e9 beaucoup d\u2019enfants et d\u2019adolescents \u2013 et d\u2019adultes \u00e9galement, soyons clairs \u2013 dans des bulles bien compactes dont il est difficile de les extraire.<\/p>\n<p style=\"text-align: justify;\">Une fois de plus, cher Vincent Peillon, j\u2019ai digress\u00e9 ( n\u00e9ologisme\u00a0!). Je dois donc conclure. Il n\u2019y a pas de morale la\u00efque, bien qu\u2019il existe des morales un peu diff\u00e9renci\u00e9es. Celui qui nous l\u2019a le mieux expliqu\u00e9, c\u2019est ce bon Monsieur de la Fontaine qui appelait cela \u00ab\u00a0 moralit\u00e9\u00a0\u00bb. Je pr\u00e9f\u00e8re pour ma part \u00ab\u00a0le\u00e7on(s) de vie\u00a0\u00bb. Et je pense qu\u2019on doit toujours s\u2019y r\u00e9f\u00e9rer. A tout \u00e2ge.<\/p>\n<p style=\"text-align: justify;\">La raison du plus fort est toujours la meilleure.<\/p>\n<p lang=\"fr-FR\" style=\"text-align: justify;\">\n<p style=\"text-align: justify;\">IM<\/p>\n<p lang=\"fr-FR\" style=\"text-align: justify;\">\n<p style=\"text-align: justify;\">\n","protected":false},"excerpt":{"rendered":"<p>Guillaume Peltier, secr\u00e9taire national de l&rsquo;UMP,\u00a0 affirmait sur D8 le 18 octobre dernier\u00a0: \u00ab\u00a0Il y a 45000 professeurs d\u00e9tach\u00e9s dans les syndicats\u00a0\u00bb. Chiffre ahurissant, surtout si l\u2019on se rend dans&hellip;<\/p>\n<p class=\"more-link-p\"><a class=\"more-link\" href=\"http:\/\/www.combats-magazine.org\/fr\/parlons-juste-professeurs-detaches%e2%80%a6\/\">Lire plus &rarr;<\/a><\/p>\n","protected":false},"author":12,"featured_media":0,"comment_status":"open","ping_status":"open","sticky":false,"template":"","format":"standard","meta":{"footnotes":""},"categories":[44],"tags":[164,179,181,180],"class_list":["post-649","post","type-post","status-publish","format-standard","hentry","category-billet","tag-emploi","tag-enseeignement","tag-guaillaume-peltier","tag-professeur-detache"],"_links":{"self":[{"href":"http:\/\/www.combats-magazine.org\/fr\/wp-json\/wp\/v2\/posts\/649","targetHints":{"allow":["GET"]}}],"collection":[{"href":"http:\/\/www.combats-magazine.org\/fr\/wp-json\/wp\/v2\/posts"}],"about":[{"href":"http:\/\/www.combats-magazine.org\/fr\/wp-json\/wp\/v2\/types\/post"}],"author":[{"embeddable":true,"href":"http:\/\/www.combats-magazine.org\/fr\/wp-json\/wp\/v2\/users\/12"}],"replies":[{"embeddable":true,"href":"http:\/\/www.combats-magazine.org\/fr\/wp-json\/wp\/v2\/comments?post=649"}],"version-history":[{"count":0,"href":"http:\/\/www.combats-magazine.org\/fr\/wp-json\/wp\/v2\/posts\/649\/revisions"}],"wp:attachment":[{"href":"http:\/\/www.combats-magazine.org\/fr\/wp-json\/wp\/v2\/media?parent=649"}],"wp:term":[{"taxonomy":"category","embeddable":true,"href":"http:\/\/www.combats-magazine.org\/fr\/wp-json\/wp\/v2\/categories?post=649"},{"taxonomy":"post_tag","embeddable":true,"href":"http:\/\/www.combats-magazine.org\/fr\/wp-json\/wp\/v2\/tags?post=649"}],"curies":[{"name":"wp","href":"https:\/\/api.w.org\/{rel}","templated":true}]}}