{"id":5161,"date":"2026-08-28T12:01:08","date_gmt":"2026-08-28T10:01:08","guid":{"rendered":"https:\/\/www.combats-magazine.org\/fr\/?p=5161"},"modified":"2026-08-28T12:08:35","modified_gmt":"2026-08-28T10:08:35","slug":"du-bel-paese-a-la-belle-province-point-de-vue-sur-la-beaute","status":"publish","type":"post","link":"http:\/\/www.combats-magazine.org\/fr\/du-bel-paese-a-la-belle-province-point-de-vue-sur-la-beaute\/","title":{"rendered":"Du \u00a0\u00bb Bel Paese\u00a0\u00bb \u00e0 la \u00a0\u00bb Belle Province\u00a0\u00bb : point de vue sur la beaut\u00e9"},"content":{"rendered":"<p><span class=\"break-words tvm-parent-container\"><span dir=\"ltr\"><span style=\"color: #000000;\"><img fetchpriority=\"high\" decoding=\"async\" class=\"alignleft size-medium wp-image-5155\" src=\"http:\/\/www.combats-magazine.org\/fr\/wp-content\/uploads\/2026\/08\/Affiche_itinerairescroisesa2611x17po_20260715133756-194x300.png\" alt=\"Bel paese\" width=\"194\" height=\"300\" srcset=\"http:\/\/www.combats-magazine.org\/fr\/wp-content\/uploads\/2026\/08\/Affiche_itinerairescroisesa2611x17po_20260715133756-194x300.png 194w, http:\/\/www.combats-magazine.org\/fr\/wp-content\/uploads\/2026\/08\/Affiche_itinerairescroisesa2611x17po_20260715133756-663x1024.png 663w, http:\/\/www.combats-magazine.org\/fr\/wp-content\/uploads\/2026\/08\/Affiche_itinerairescroisesa2611x17po_20260715133756-768x1187.png 768w, http:\/\/www.combats-magazine.org\/fr\/wp-content\/uploads\/2026\/08\/Affiche_itinerairescroisesa2611x17po_20260715133756-994x1536.png 994w, http:\/\/www.combats-magazine.org\/fr\/wp-content\/uploads\/2026\/08\/Affiche_itinerairescroisesa2611x17po_20260715133756-116x180.png 116w, http:\/\/www.combats-magazine.org\/fr\/wp-content\/uploads\/2026\/08\/Affiche_itinerairescroisesa2611x17po_20260715133756-97x150.png 97w, http:\/\/www.combats-magazine.org\/fr\/wp-content\/uploads\/2026\/08\/Affiche_itinerairescroisesa2611x17po_20260715133756-78x120.png 78w, http:\/\/www.combats-magazine.org\/fr\/wp-content\/uploads\/2026\/08\/Affiche_itinerairescroisesa2611x17po_20260715133756.png 1294w\" sizes=\"(max-width: 194px) 100vw, 194px\" \/>Tel est l&rsquo;objet de la communication que je donnerai le 11 septembre prochain \u00e0 l&rsquo;Universit\u00e9 de Montr\u00e9al dans le cadre d&rsquo;un colloque qui s&rsquo;intitule \u00a0\u00ab Itin\u00e9raires crois\u00e9s : cr\u00e9er des ponts entre cultures qu\u00e9b\u00e9coises et italiennes \u00bb.\u00a0 Transporte-t-on la beaut\u00e9 d\u2019un pays \u00e0 l\u2019autre ? Comment participe-t-elle de l\u2019exp\u00e9rience migratoire et donc du re-commencement et de la nouveaut\u00e9 ? En quoi se distingue-t-elle de celle dite, locale, \u00ab s\u00e9dentaire \u00bb, traditionnelle ? J&rsquo;interrogerai ces ressorts qui ont crois\u00e9 aussi mon itin\u00e9raire.<\/span><\/span><\/span><\/p>\n<p><span class=\"break-words tvm-parent-container\"><span dir=\"ltr\"><span style=\"color: #000000;\"><img decoding=\"async\" class=\"alignright size-medium wp-image-5162\" src=\"http:\/\/www.combats-magazine.org\/fr\/wp-content\/uploads\/2026\/08\/Actualite-invitation-Montreal_page-0001-212x300.jpg\" alt=\"\" width=\"212\" height=\"300\" srcset=\"http:\/\/www.combats-magazine.org\/fr\/wp-content\/uploads\/2026\/08\/Actualite-invitation-Montreal_page-0001-212x300.jpg 212w, http:\/\/www.combats-magazine.org\/fr\/wp-content\/uploads\/2026\/08\/Actualite-invitation-Montreal_page-0001-725x1024.jpg 725w, http:\/\/www.combats-magazine.org\/fr\/wp-content\/uploads\/2026\/08\/Actualite-invitation-Montreal_page-0001-768x1085.jpg 768w, http:\/\/www.combats-magazine.org\/fr\/wp-content\/uploads\/2026\/08\/Actualite-invitation-Montreal_page-0001-1087x1536.jpg 1087w, http:\/\/www.combats-magazine.org\/fr\/wp-content\/uploads\/2026\/08\/Actualite-invitation-Montreal_page-0001-127x180.jpg 127w, http:\/\/www.combats-magazine.org\/fr\/wp-content\/uploads\/2026\/08\/Actualite-invitation-Montreal_page-0001-106x150.jpg 106w, http:\/\/www.combats-magazine.org\/fr\/wp-content\/uploads\/2026\/08\/Actualite-invitation-Montreal_page-0001-85x120.jpg 85w, http:\/\/www.combats-magazine.org\/fr\/wp-content\/uploads\/2026\/08\/Actualite-invitation-Montreal_page-0001.jpg 1241w\" sizes=\"(max-width: 212px) 100vw, 212px\" \/><\/span><\/span><\/span><\/p>\n<div class=\"ms-outlook-mobile-reference-message skipProofing\">vous pourrez la suivre\u00a0 sur internet en vous connectant \u00e0 cette\u00a0 adresse\u00a0 : <a href=\"https:\/\/crilcq.org\/activites\/colloque-crilcq-cisq-itineraires-croises-2026\/\" target=\"_blank\" rel=\"nofollow noopener noreferrer\"> https:\/\/crilcq.org\/activites\/colloque-crilcq-cisq-itineraires-croises-2026\/<\/a>.\u00a0 \u00a0Par celles et ceux pr\u00e9sents \u00e0 Montr\u00e9al, Le colloque se tiendra au Pavillon Lionel-Groulx (3150, rue Jean-Brillant, Montr\u00e9al), dans l\u2019un des locaux du Carrefour des arts et des sciences. En entrant dans le pavillon, dirigez-vous vers la droite pour prendre un ascenseur ou les escaliers jusqu\u2019au 2e \u00e9tage. Le local est C-2059<\/div>\n<p><span class=\"break-words tvm-parent-container\"><span dir=\"ltr\"><span style=\"color: #000000;\">J&rsquo;en profiterai \u00e9galement pour pr\u00e9senter mon dernier recueil\u00a0 intitul\u00e9 \u00a0\u00bb L&rsquo;actualit\u00e9\u00a0\u00bb, le 16 septembre prochain \u00e0 18h \u00e0\u00a0 la Maison d&rsquo;Italie. Voir affiche.\u00a0<\/span><br \/>\n<span style=\"color: #000000;\">Au plaisir de vous r<\/span>etrouver<\/span><\/span><\/p>\n","protected":false},"excerpt":{"rendered":"<p>Transporte-t-on la beaut\u00e9 d\u2019un pays \u00e0 l\u2019autre ? Comment participe-t-elle de l\u2019exp\u00e9rience migratoire et donc du re-commencement et de la nouveaut\u00e9 ?<\/p>\n<p class=\"more-link-p\"><a class=\"more-link\" href=\"http:\/\/www.combats-magazine.org\/fr\/du-bel-paese-a-la-belle-province-point-de-vue-sur-la-beaute\/\">Lire plus &rarr;<\/a><\/p>\n","protected":false},"author":1,"featured_media":5162,"comment_status":"open","ping_status":"open","sticky":true,"template":"","format":"standard","meta":{"footnotes":""},"categories":[186],"tags":[508,189,329,556,213,102],"class_list":["post-5161","post","type-post","status-publish","format-standard","has-post-thumbnail","hentry","category-agenda","tag-culture","tag-diversite","tag-italie","tag-litterature","tag-plurilinguisme","tag-quebec"],"_links":{"self":[{"href":"http:\/\/www.combats-magazine.org\/fr\/wp-json\/wp\/v2\/posts\/5161","targetHints":{"allow":["GET"]}}],"collection":[{"href":"http:\/\/www.combats-magazine.org\/fr\/wp-json\/wp\/v2\/posts"}],"about":[{"href":"http:\/\/www.combats-magazine.org\/fr\/wp-json\/wp\/v2\/types\/post"}],"author":[{"embeddable":true,"href":"http:\/\/www.combats-magazine.org\/fr\/wp-json\/wp\/v2\/users\/1"}],"replies":[{"embeddable":true,"href":"http:\/\/www.combats-magazine.org\/fr\/wp-json\/wp\/v2\/comments?post=5161"}],"version-history":[{"count":3,"href":"http:\/\/www.combats-magazine.org\/fr\/wp-json\/wp\/v2\/posts\/5161\/revisions"}],"predecessor-version":[{"id":5165,"href":"http:\/\/www.combats-magazine.org\/fr\/wp-json\/wp\/v2\/posts\/5161\/revisions\/5165"}],"wp:featuredmedia":[{"embeddable":true,"href":"http:\/\/www.combats-magazine.org\/fr\/wp-json\/wp\/v2\/media\/5162"}],"wp:attachment":[{"href":"http:\/\/www.combats-magazine.org\/fr\/wp-json\/wp\/v2\/media?parent=5161"}],"wp:term":[{"taxonomy":"category","embeddable":true,"href":"http:\/\/www.combats-magazine.org\/fr\/wp-json\/wp\/v2\/categories?post=5161"},{"taxonomy":"post_tag","embeddable":true,"href":"http:\/\/www.combats-magazine.org\/fr\/wp-json\/wp\/v2\/tags?post=5161"}],"curies":[{"name":"wp","href":"https:\/\/api.w.org\/{rel}","templated":true}]}}