{"id":4905,"date":"2024-11-14T14:56:46","date_gmt":"2024-11-14T12:56:46","guid":{"rendered":"http:\/\/www.combats-magazine.org\/fr\/?p=4905"},"modified":"2024-11-16T18:20:17","modified_gmt":"2024-11-16T16:20:17","slug":"bulle-deternite","status":"publish","type":"post","link":"http:\/\/www.combats-magazine.org\/fr\/bulle-deternite\/","title":{"rendered":"Bulle d\u2019\u00e9ternit\u00e9"},"content":{"rendered":"<p style=\"font-weight: 400;\"><img fetchpriority=\"high\" decoding=\"async\" class=\"alignleft size-large wp-image-4906\" src=\"http:\/\/www.combats-magazine.org\/fr\/wp-content\/uploads\/2024\/11\/461947440_1205414520697457_3988258437026371627_n-754x1024.jpg\" alt=\"\" width=\"656\" height=\"891\" srcset=\"http:\/\/www.combats-magazine.org\/fr\/wp-content\/uploads\/2024\/11\/461947440_1205414520697457_3988258437026371627_n-754x1024.jpg 754w, http:\/\/www.combats-magazine.org\/fr\/wp-content\/uploads\/2024\/11\/461947440_1205414520697457_3988258437026371627_n-221x300.jpg 221w, http:\/\/www.combats-magazine.org\/fr\/wp-content\/uploads\/2024\/11\/461947440_1205414520697457_3988258437026371627_n-768x1043.jpg 768w, http:\/\/www.combats-magazine.org\/fr\/wp-content\/uploads\/2024\/11\/461947440_1205414520697457_3988258437026371627_n-132x180.jpg 132w, http:\/\/www.combats-magazine.org\/fr\/wp-content\/uploads\/2024\/11\/461947440_1205414520697457_3988258437026371627_n-110x150.jpg 110w, http:\/\/www.combats-magazine.org\/fr\/wp-content\/uploads\/2024\/11\/461947440_1205414520697457_3988258437026371627_n-88x120.jpg 88w, http:\/\/www.combats-magazine.org\/fr\/wp-content\/uploads\/2024\/11\/461947440_1205414520697457_3988258437026371627_n.jpg 817w\" sizes=\"(max-width: 656px) 100vw, 656px\" \/><\/p>\n<p style=\"font-weight: 400;\"><span style=\"color: #000000;\">Il faut se d\u00e9p\u00eacher d\u2019aller voir et entendre <em>Un jour on ira \u00e0 la mer <\/em><\/span><span style=\"color: #000000;\">d\u2019Eug\u00e8ne Durif \u00a0au \u00a0th\u00e9\u00e2tre des 100 \u00a0rue de Charenton \u00e0 Paris avec Jean-Christophe Cornier \u00a0(musicien) et la participation de Jeanne Perez. Le fil d\u2019Ariane\u00a0 de ce soliloque \u00e0 nulle autre pareil \u00a0est une phrase arrach\u00e9e \u00e0 l\u2019oubli de l\u2019enfance : un jour nous irons \u00e0 la mer. C\u2019est pour exorciser le doute et le d\u00e9sarroi du foyer que \u00a0le p\u00e8re de l\u2019auteur la \u00a0r\u00e9p\u00e9tait, tel un mantra. Naturellement\u00a0 la petite famille n\u2019ira jamais \u00e0 la mer. Et le r\u00eave de l\u2019enfant qui se balance, tout heureux, \u00a0tenu par la main calleuse du p\u00e8re et celle douce mais ferme de la m\u00e8re, demeurera un horizon d&rsquo;attente. Attente que \u00a0l\u2019auteur se d\u00e9p\u00eachera de combler, encore adolescent en se lan\u00e7ant sur la route comme tant de ses semblables. Il y rencontrera une fille dont il se souvient \u00e0 peine et qu\u2019il aimera \u00a0maladroitement comme on aime \u00e0 cet \u00e2ge. Toute une \u00e9poque resurgit alors \u00a0avec ses chansons, ses rifs de guitare, ses \u00e9crivains f\u00e9tiches \u00a0(Kerouac, Rimbaud\u2026) \u00a0\u00a0et ses chanteurs (Dylan,\u00a0 \u2026 L\u2019auteur ne g\u00eane\u00a0 pour les citer in extenso \u00a0et m\u00eame\u00a0 de les chanter avec un accent franchouillard \u00e0 couper au couteau. Qu\u2019importe ! \u00a0Cet \u00e9tonnant collage tient. Et comment ! Loin d\u2019\u00e9garer le spectateur, l\u2019enthousiasme bon enfant qui s\u2019en d\u00e9gage lui conf\u00e8re son unit\u00e9. \u00a0Le ton d\u00e9sabus\u00e9 mais jamais cynique de Durif n\u2019y est \u00a0pas \u00e9tranger. C\u2019est tout l\u2019art de l\u2019auteur de traverser autant de registres tout en les maintenant \u00e0 distance. Tour \u00a0\u00e0 tour nostalgique et joyeux, ironique \u00a0et dramatique, philosophe et \u00a0primesautier, \u00a0grave \u00a0et d\u00e9lur\u00e9, nostalgique et malicieux,\u00a0 m\u00e9lancolique et railleur, Durif nous entraine dans le d\u00e9dale de la m\u00e9moire \u00a0qui convoque dans sa spirale \u00a0tant\u00a0 d\u2019images \u00a0furtives qui la retissent sans cesse : \u00a0la derni\u00e8re sc\u00e8ne des <em>400 coups<\/em> \u00a0de \u00a0Truffaut o\u00f9 le jeune Antoine Doisnel voit la mer pour la premi\u00e8re fois, \u00a0Guido Anselmi, le r\u00e9alisateur\u00a0 dans 81\/2 de Fellini . Le temps perdu est retrouv\u00e9. Un beau moment \u00a0th\u00e9\u00e2tral \u00e0 ne pas manquer. C\u2019est jusqu\u2019au 16 novembre<\/span><\/p>\n","protected":false},"excerpt":{"rendered":"<p>Il faut se d\u00e9p\u00eacher d\u2019aller voir et entendre Un jour on ira \u00e0 la mer d\u2019Eug\u00e8ne Durif \u00a0au \u00a0th\u00e9\u00e2tre des 100 \u00a0rue de Charenton \u00e0 Paris avec Jean-Christophe Cornier \u00a0(musicien)&hellip;<\/p>\n<p class=\"more-link-p\"><a class=\"more-link\" href=\"http:\/\/www.combats-magazine.org\/fr\/bulle-deternite\/\">Lire plus &rarr;<\/a><\/p>\n","protected":false},"author":4,"featured_media":4906,"comment_status":"open","ping_status":"open","sticky":false,"template":"","format":"standard","meta":{"footnotes":""},"categories":[42],"tags":[556,674],"class_list":["post-4905","post","type-post","status-publish","format-standard","has-post-thumbnail","hentry","category-spectalevivant","tag-litterature","tag-theatre"],"_links":{"self":[{"href":"http:\/\/www.combats-magazine.org\/fr\/wp-json\/wp\/v2\/posts\/4905","targetHints":{"allow":["GET"]}}],"collection":[{"href":"http:\/\/www.combats-magazine.org\/fr\/wp-json\/wp\/v2\/posts"}],"about":[{"href":"http:\/\/www.combats-magazine.org\/fr\/wp-json\/wp\/v2\/types\/post"}],"author":[{"embeddable":true,"href":"http:\/\/www.combats-magazine.org\/fr\/wp-json\/wp\/v2\/users\/4"}],"replies":[{"embeddable":true,"href":"http:\/\/www.combats-magazine.org\/fr\/wp-json\/wp\/v2\/comments?post=4905"}],"version-history":[{"count":0,"href":"http:\/\/www.combats-magazine.org\/fr\/wp-json\/wp\/v2\/posts\/4905\/revisions"}],"wp:featuredmedia":[{"embeddable":true,"href":"http:\/\/www.combats-magazine.org\/fr\/wp-json\/wp\/v2\/media\/4906"}],"wp:attachment":[{"href":"http:\/\/www.combats-magazine.org\/fr\/wp-json\/wp\/v2\/media?parent=4905"}],"wp:term":[{"taxonomy":"category","embeddable":true,"href":"http:\/\/www.combats-magazine.org\/fr\/wp-json\/wp\/v2\/categories?post=4905"},{"taxonomy":"post_tag","embeddable":true,"href":"http:\/\/www.combats-magazine.org\/fr\/wp-json\/wp\/v2\/tags?post=4905"}],"curies":[{"name":"wp","href":"https:\/\/api.w.org\/{rel}","templated":true}]}}