{"id":4711,"date":"2024-02-13T13:04:56","date_gmt":"2024-02-13T11:04:56","guid":{"rendered":"http:\/\/www.combats-magazine.org\/fr\/?p=4711"},"modified":"2024-02-23T13:48:03","modified_gmt":"2024-02-23T11:48:03","slug":"la-raison-du-plus-fort","status":"publish","type":"post","link":"http:\/\/www.combats-magazine.org\/fr\/la-raison-du-plus-fort\/","title":{"rendered":"La raison du plus fort"},"content":{"rendered":"<p><img decoding=\"async\" class=\"alignleft wp-image-4712 size-medium\" src=\"http:\/\/www.combats-magazine.org\/fr\/wp-content\/uploads\/2024\/02\/5047-Bouthors-Poutine.-La-logique-de-la-force-548x1024-1-161x300.webp\" alt=\"\" width=\"161\" height=\"300\" srcset=\"http:\/\/www.combats-magazine.org\/fr\/wp-content\/uploads\/2024\/02\/5047-Bouthors-Poutine.-La-logique-de-la-force-548x1024-1-161x300.webp 161w, http:\/\/www.combats-magazine.org\/fr\/wp-content\/uploads\/2024\/02\/5047-Bouthors-Poutine.-La-logique-de-la-force-548x1024-1-96x180.webp 96w, http:\/\/www.combats-magazine.org\/fr\/wp-content\/uploads\/2024\/02\/5047-Bouthors-Poutine.-La-logique-de-la-force-548x1024-1-80x150.webp 80w, http:\/\/www.combats-magazine.org\/fr\/wp-content\/uploads\/2024\/02\/5047-Bouthors-Poutine.-La-logique-de-la-force-548x1024-1-64x120.webp 64w, http:\/\/www.combats-magazine.org\/fr\/wp-content\/uploads\/2024\/02\/5047-Bouthors-Poutine.-La-logique-de-la-force-548x1024-1.webp 548w\" sizes=\"(max-width: 161px) 100vw, 161px\" \/>\u00ab\u2009La raison du plus fort est toujours la meilleure\u2009\u00bb. En attaquant l\u2019Ukraine, le ma\u00eetre du Kremlin jette aux orties le masque du \u00ab\u2009Soft Power\u2009\u00bb, qui lui avait servi \u00e0 embobiner les leaders occidentaux et d\u00e9voile sa v\u00e9ritable nature qui est aussi celle de l&rsquo;histoire imp\u00e9riale de la Russie : le\u00a0 chef de gang\u00a0 prot\u00e9geant\u00a0\u00a0 les int\u00e9r\u00eats d&rsquo;une caste. C\u2019est ce mensonge imm\u00e9morial que d\u00e9construit m\u00e9thodiquement l\u2019essai de Jean-Fran\u00e7ois Bouthors.<\/p>\n<p>L\u2019auteur s\u2019\u00e9tait d\u00e9j\u00e0 attach\u00e9 \u00e0 le faire en 2016 dans son livre \u00ab\u2009Comment Poutine change le monde\u2009\u00bb (\u00e9ditions Fran\u00e7ois Bourin). \u00c0 l\u2019\u00e9poque il concluait son ouvrage par cette interrogation gla\u00e7ante : \u00ab\u2009Comment sortir du choix \u201cimpossible\u201d entre la soumission \u00e0 la vision du monde qu\u2019il v\u00e9hicule et une confrontation de plus en plus tendue, au bord du gouffre d\u2019une nouvelle guerre mondiale qui promet d\u2019\u00eatre effroyable\u2009?\u2009\u00bb L\u2019agression de l\u2019Ukraine la repose de mani\u00e8re crue et radicale.<\/p>\n<p>Les \u00e9l\u00e9ments de r\u00e9ponse, Bouthors la trouve dans les convulsions du r\u00e9gime sovi\u00e9tique agonisant. En 1982, Andropov, chef du KGB, commande un audit \u00e0 deux chercheurs.\u00a0 Leur conclusions sont catastrophiques. L&rsquo;URSS est une faillite totale. Pour tenter de\u00a0 sauver les meubles, Andropov favorise la mont\u00e9e de r\u00e9formateur Gorbatchev. Il s&rsquo;agit en effet reformer les institutions et de re-injecter les capitaux\u00a0 que l&rsquo;autocratie\u00a0 avait discr\u00e8tement envoy\u00e9 \u00e0 l&rsquo;Ouest pour se constituer un pactole. Mais le putsch avort\u00e9 met \u00e0 mal les reformes de Gorbatchev\u00a0 et\u00a0 Elstine retire la Russie du pacte sovi\u00e9tique. D\u00e8s lors tout est \u00e0 vendre. Le filet de s\u00e9curit\u00e9 sociale qui permettait \u00e0 la population de se sentir prot\u00e9g\u00e9e dispara\u00eet; l\u2019arm\u00e9e vend ses stocks au march\u00e9 noir. Poutine se retrouve alors\u00a0 \u00e0\u00a0 Dresde \u00e0 la crois\u00e9e des services secrets\u00a0 russes, est allemands et occidentaux. Il est \u00e0 m\u00eame de comprendre\u00a0 la nouvelle donne et de mettre \u00e0 profit les\u00a0 contacts qui lui donneront acc\u00e8s aux plus hautes sph\u00e8res du pouvoir.Car il s&rsquo;agit de d\u00e9fendre les int\u00e9r\u00eats de la nomenklatura\u00a0 en g\u00e9n\u00e9ral et du clan Elstine en particulier. L\u2019Histoire que les penseurs lib\u00e9raux comme Fukuyama ont trop vite enterr\u00e9, servira ensuite \u00e0 l\u00e9gitimer la reprise en main du pouvoir de la caste qui\u00a0 avait failli lui \u00e9chapper.<\/p>\n<p>En six chapitres touffus, faisant la navette dans l&rsquo;histoire r\u00e9cente, le journaliste qui \u00e9dita tous les livres d\u2019Anna Politoksva\u00efa, assassin\u00e9e en 2003, nous raconte les \u00e9tapes de cette sinistre escroquerie, la plus colossale\u00a0 sans doute du XXe si\u00e8cle. Le terrorisme islamique tombe \u00e0 point nomm\u00e9 pour accr\u00e9diter Poutine\u00a0 en tant qu&rsquo;adversaire intempestif du Djihad. La raison d\u2019\u00c9tat lui servira en politique ext\u00e9rieure pour avancer ses pions et en politique interne pour faire taire les voix dissidentes. Le dernier en date \u00e9tant celle de Alexe\u00ef Navalny. La machine du\u00a0 tsar postmoderne est en place \u00ab\u00a0FSB dont il est issu\u00a0 seront les \u00ab\u2009nouvelles chemises noires\u2009\u00bb.<\/p>\n<p>L&rsquo;Occident, trop s\u00fbr de son \u00e9conomie de march\u00e9, ce \u00ab\u2009doux commerce\u2009\u00bb cher \u00e0 Montesquieu, principe sur lequel d\u2019ailleurs est fond\u00e9e l\u2019UE , n&rsquo;y voit que du feu. Poutine, comme Hitler avant lui, a compris qu\u2019il pouvait ne retenir du lib\u00e9ralisme que son volet \u00e9conomique. Car son principe actif, chimiquement pur c\u2019est la pr\u00e9dation, le darwinisme social, la loi du plus fort. Voil\u00e0 sans doute pourquoi les d\u00e9mocraties lib\u00e9rales n\u2019ont pas voulu voir la vraie nature du r\u00e9gime poutien. Car, il leur tend le miroir de leur propre histoire. Le colonialisme qui a ouvert de nouveaux march\u00e9s par la ba\u00efonnette et les canons en asservissant des peuples entiers lui revient comme un boomerang. C\u2019est ce que tentent d\u2019instrumentaliser Poutine et les r\u00e9gimes autocrates. Ce moment darwinien que d\u00e9crit l\u2019auteur o\u00f9 \u00ab\u2009les d\u00e8s sont jet\u00e9s\u2009\u00bb o\u00f9 \u00ab\u2009rien ne va plus\u2009\u00bb concerne aussi plus que jamais les d\u00e9mocraties europ\u00e9ennes.<\/p>\n<p>Comment se comporter \u00e0 la force\u2009? La fuir ou s\u2019y opposer\u2009? Et \u00e0 quel prix\u2009? Telles sont les questions que le journaliste pose en conclusion de son ouvrage. \u00c0 cet \u00e9gard il cite Jan Patochka, premier porte-parole de la charte de 77. Il s\u2019agit d\u2019abord de r\u00e9sister \u00e0 sa fascination \u00ab\u2009Car la Force fascine et nous continuons \u00e0 nous laisser guider par elle\u2009\u00bb. C\u2019est ce qu\u2019un autre chercheur, Ren\u00e9 Girard, nomme le \u00ab\u2009d\u00e9sir mim\u00e9tique\u2009\u00bb et qui conduira au conflit s\u2019il se nourrit du ressentiment \u00e0 l\u2019\u00e9gard de celui qui est imit\u00e9 en vain sans en \u00eatre reconnu. Cela passe par la connaissance et l\u2019\u00e9ducation. \u00ab\u2009<span style=\"color: #555555;\"><span style=\"font-family: Arial, serif;\"><span style=\"font-size: small;\">L\u2019Europe, <\/span><\/span><\/span><span style=\"color: #555555;\"><span style=\"font-family: Arial, serif;\"><span style=\"font-size: small;\">disait Camus, <\/span><\/span><\/span><span style=\"color: #555555;\"><span style=\"font-family: Arial, serif;\"><span style=\"font-size: small;\">n\u2019a jamais \u00e9t\u00e9 que dans la lutte entre midi et minuit. Elle ne s\u2019est d\u00e9grad\u00e9e qu\u2019en d\u00e9sertant cette lutte en \u00e9clipsant le jour par la nuit\u2009\u00bb. \u00c0<\/span><\/span><\/span><span style=\"color: #555555;\"><span style=\"font-family: Arial, serif;\"><span style=\"font-size: small;\"> bon entendeur<\/span><\/span><\/span><em><span style=\"color: #555555;\"><span style=\"font-family: Arial, serif;\"><span style=\"font-size: small;\">\u2026<\/span><\/span><\/span><\/em><\/p>\n<p>Jean-Fran\u00e7ois Bouthors<br \/>\nPoutine, la logique de la force<br \/>\nL\u2019Aube, 2023<br \/>\n235 pages 17,90<\/p>\n<p>&nbsp;<\/p>\n","protected":false},"excerpt":{"rendered":"<p>\u00ab\u2009La raison du plus fort est toujours la meilleure\u2009\u00bb. En attaquant l\u2019Ukraine, le ma\u00eetre du Kremlin jette aux orties le masque du \u00ab\u2009Soft Power\u2009\u00bb, qui lui avait servi \u00e0 embobiner&hellip;<\/p>\n<p class=\"more-link-p\"><a class=\"more-link\" href=\"http:\/\/www.combats-magazine.org\/fr\/la-raison-du-plus-fort\/\">Lire plus &rarr;<\/a><\/p>\n","protected":false},"author":4,"featured_media":0,"comment_status":"open","ping_status":"open","sticky":false,"template":"","format":"standard","meta":{"footnotes":""},"categories":[55],"tags":[],"class_list":["post-4711","post","type-post","status-publish","format-standard","hentry","category-actualite"],"_links":{"self":[{"href":"http:\/\/www.combats-magazine.org\/fr\/wp-json\/wp\/v2\/posts\/4711","targetHints":{"allow":["GET"]}}],"collection":[{"href":"http:\/\/www.combats-magazine.org\/fr\/wp-json\/wp\/v2\/posts"}],"about":[{"href":"http:\/\/www.combats-magazine.org\/fr\/wp-json\/wp\/v2\/types\/post"}],"author":[{"embeddable":true,"href":"http:\/\/www.combats-magazine.org\/fr\/wp-json\/wp\/v2\/users\/4"}],"replies":[{"embeddable":true,"href":"http:\/\/www.combats-magazine.org\/fr\/wp-json\/wp\/v2\/comments?post=4711"}],"version-history":[{"count":0,"href":"http:\/\/www.combats-magazine.org\/fr\/wp-json\/wp\/v2\/posts\/4711\/revisions"}],"wp:attachment":[{"href":"http:\/\/www.combats-magazine.org\/fr\/wp-json\/wp\/v2\/media?parent=4711"}],"wp:term":[{"taxonomy":"category","embeddable":true,"href":"http:\/\/www.combats-magazine.org\/fr\/wp-json\/wp\/v2\/categories?post=4711"},{"taxonomy":"post_tag","embeddable":true,"href":"http:\/\/www.combats-magazine.org\/fr\/wp-json\/wp\/v2\/tags?post=4711"}],"curies":[{"name":"wp","href":"https:\/\/api.w.org\/{rel}","templated":true}]}}