{"id":4649,"date":"2023-12-05T20:07:59","date_gmt":"2023-12-05T18:07:59","guid":{"rendered":"https:\/\/www.combats-magazine.org\/fr\/?p=4649"},"modified":"2024-03-23T16:06:13","modified_gmt":"2024-03-23T14:06:13","slug":"pedrinhas-citta-imperiale","status":"publish","type":"post","link":"http:\/\/www.combats-magazine.org\/fr\/pedrinhas-citta-imperiale\/","title":{"rendered":"Pedrinhas, citt\u00e0 imperiale"},"content":{"rendered":"<div id=\"attachment_4653\" style=\"width: 310px\" class=\"wp-caption alignleft\"><a href=\"http:\/\/www.combats-magazine.org\/fr\/wp-content\/uploads\/2023\/12\/pedrina-1.jpg\"><img fetchpriority=\"high\" decoding=\"async\" aria-describedby=\"caption-attachment-4653\" class=\"size-medium wp-image-4653\" src=\"http:\/\/www.combats-magazine.org\/fr\/wp-content\/uploads\/2023\/12\/pedrina-1-300x200.jpg\" alt=\"\" width=\"300\" height=\"200\" srcset=\"http:\/\/www.combats-magazine.org\/fr\/wp-content\/uploads\/2023\/12\/pedrina-1-300x200.jpg 300w, http:\/\/www.combats-magazine.org\/fr\/wp-content\/uploads\/2023\/12\/pedrina-1-270x180.jpg 270w, http:\/\/www.combats-magazine.org\/fr\/wp-content\/uploads\/2023\/12\/pedrina-1-225x150.jpg 225w, http:\/\/www.combats-magazine.org\/fr\/wp-content\/uploads\/2023\/12\/pedrina-1-160x107.jpg 160w, http:\/\/www.combats-magazine.org\/fr\/wp-content\/uploads\/2023\/12\/pedrina-1.jpg 500w\" sizes=\"(max-width: 300px) 100vw, 300px\" \/><\/a><p id=\"caption-attachment-4653\" class=\"wp-caption-text\">Il portale d\u2019entrata fu inaugurato nel dicembre 2001<\/p><\/div>\n<p align=\"justify\"><em>Il Brasile \u00e8 pieno di sorprese. Ecco un primo breve articolo\u00a0 che ci manda Mia Lecomte dalla provincia di Sao Paolo, in Brasile, dove si trove adesso per dare un ciclo di conferenze sulla letteratura italiana dell&rsquo;immigrazione. Le foto tranne quelle di archivio sono le sue come questa presentazione.<\/em><\/p>\n<p align=\"justify\">\u00a0 \u00a0 \u00a0 \u00a0 \u00a0 \u00a0 \u00a0 \u00a0 \u00a0 \u00a0 \u00a0 \u00a0 \u00a0 \u00a0 \u00a0 \u00a0*<\/p>\n<p align=\"justify\"><span style=\"font-family: Arial, sans-serif;\"><span style=\"font-size: medium;\">Pedrinhas Paulista \u00e8 un piccolo comune nell\u2019interno dello stato di San Paolo, a circa 500 chilometri dalla capitale. La cittadina, elevata a municipalit\u00e0 nel 1991, fu costruita quasi esclusivamente da italiani nel 1952, in seguito a un accordo firmato nel 1949 tra l&rsquo;Italia e il Brasile, che diede vita alla Companhia Brasileira de Coloniza\u00e7\u00e3o e Imigra\u00e7\u00e3o Italiana (CBCII), finalizzato ad accogliere le famiglie numerose di italiani con esperienza agricola per colonizzare le terre. Ogni immigrato che arrivava riceveva una casupola (ma non in tutti gli Stati l\u2019abitazione, bench\u00e9 misera, era garantita), un terreno di circa 20 ettari, attrezzi agricoli, animali, sementi e piante. <a href=\"http:\/\/www.combats-magazine.org\/fr\/wp-content\/uploads\/2023\/12\/Image-8.jpg\"><img decoding=\"async\" class=\"size-medium wp-image-4654 alignright\" src=\"http:\/\/www.combats-magazine.org\/fr\/wp-content\/uploads\/2023\/12\/Image-8-300x225.jpg\" alt=\"\" width=\"300\" height=\"225\" srcset=\"http:\/\/www.combats-magazine.org\/fr\/wp-content\/uploads\/2023\/12\/Image-8-300x225.jpg 300w, http:\/\/www.combats-magazine.org\/fr\/wp-content\/uploads\/2023\/12\/Image-8-1024x768.jpg 1024w, http:\/\/www.combats-magazine.org\/fr\/wp-content\/uploads\/2023\/12\/Image-8-768x576.jpg 768w, http:\/\/www.combats-magazine.org\/fr\/wp-content\/uploads\/2023\/12\/Image-8-240x180.jpg 240w, http:\/\/www.combats-magazine.org\/fr\/wp-content\/uploads\/2023\/12\/Image-8-200x150.jpg 200w, http:\/\/www.combats-magazine.org\/fr\/wp-content\/uploads\/2023\/12\/Image-8-160x120.jpg 160w, http:\/\/www.combats-magazine.org\/fr\/wp-content\/uploads\/2023\/12\/Image-8.jpg 1471w\" sizes=\"(max-width: 300px) 100vw, 300px\" \/><\/a>I migranti di Pedrinhas Paulista hanno quasi tutti origine laziale \u2013 Frosinone, Latina&#8230;<\/span><\/span><span style=\"font-family: Arial, sans-serif;\"><span style=\"font-size: medium;\">\u2013 e sovente sono protagonisti di una doppia migrazione: prima interna, dal Veneto verso l&rsquo;Agro Pontino, e poi verso il Brasile. Nella fertile terra di San Paolo, gli italiani coltivavano arachidi, mais, girasoli, riso, cotone, manioca, caff\u00e8 e uva e allevavano bovini, maiali e cavalli. Ancora oggi l\u2019economia di Pedrinhas Paulista \u00e8 prevalentemente agricola, con coltivazioni di soia, mais e latticini.<\/span><\/span><\/p>\n<div id=\"attachment_4655\" style=\"width: 310px\" class=\"wp-caption alignleft\"><a href=\"http:\/\/www.combats-magazine.org\/fr\/wp-content\/uploads\/2023\/12\/Phto-2.jpg\"><img decoding=\"async\" aria-describedby=\"caption-attachment-4655\" class=\"size-medium wp-image-4655\" src=\"http:\/\/www.combats-magazine.org\/fr\/wp-content\/uploads\/2023\/12\/Phto-2-300x225.jpg\" alt=\"\" width=\"300\" height=\"225\" srcset=\"http:\/\/www.combats-magazine.org\/fr\/wp-content\/uploads\/2023\/12\/Phto-2-300x225.jpg 300w, http:\/\/www.combats-magazine.org\/fr\/wp-content\/uploads\/2023\/12\/Phto-2-1024x767.jpg 1024w, http:\/\/www.combats-magazine.org\/fr\/wp-content\/uploads\/2023\/12\/Phto-2-768x576.jpg 768w, http:\/\/www.combats-magazine.org\/fr\/wp-content\/uploads\/2023\/12\/Phto-2-240x180.jpg 240w, http:\/\/www.combats-magazine.org\/fr\/wp-content\/uploads\/2023\/12\/Phto-2-200x150.jpg 200w, http:\/\/www.combats-magazine.org\/fr\/wp-content\/uploads\/2023\/12\/Phto-2-160x120.jpg 160w, http:\/\/www.combats-magazine.org\/fr\/wp-content\/uploads\/2023\/12\/Phto-2.jpg 1361w\" sizes=\"(max-width: 300px) 100vw, 300px\" \/><\/a><p id=\"caption-attachment-4655\" class=\"wp-caption-text\">La piazza Monsignor Ernesto Montagner. Originario di San Dona di Piave, vicino a Venezia, \u00e8 considerato il principale responsabile del successo dell\u2019insediamento della colonia, di cui \u00e8 stato il primo parroco. Ispirata al complesso di Villa Adriana, a Tivoli, la piazza fu edificata nel 2008.<\/p><\/div>\n<p align=\"justify\"><span style=\"font-family: Arial, sans-serif;\"><span style=\"font-size: medium;\">Ci\u00f2 che colpisce della citt\u00e0, oltre alla sua storia segnata da molte lotte, \u00e8 la sua bizzarra architettura \u2013 \u00e8 per questa chiamata la \u201cRoma brasileira\u201d \u2013 e il mantenimento di molte tradizioni, come l&rsquo;uso occasionale della lingua italiana nelle conversazioni (fa parte del curriculum della scuola primaria) e i gruppi di danza popolare, che coinvolgono adolescenti, giovani e anziani. Anche le sue feste sono un&rsquo;attrazione regionale, soprattutto la festa di San Donato, patrono della citt\u00e0. <\/span><\/span><\/p>\n<p align=\"justify\"><span style=\"font-family: Arial, sans-serif;\"><span style=\"font-size: medium;\">A Pedrinhas Paulista \u00e8 attualmente in costruzione un grande complesso dedicato a Padre Pio.<\/span><\/span><\/p>\n<div id=\"attachment_4652\" style=\"width: 310px\" class=\"wp-caption alignleft\"><a href=\"http:\/\/www.combats-magazine.org\/fr\/wp-content\/uploads\/2023\/12\/Image-5.jpg\"><img loading=\"lazy\" decoding=\"async\" aria-describedby=\"caption-attachment-4652\" class=\"size-medium wp-image-4652\" src=\"http:\/\/www.combats-magazine.org\/fr\/wp-content\/uploads\/2023\/12\/Image-5-300x225.jpg\" alt=\"\" width=\"300\" height=\"225\" srcset=\"http:\/\/www.combats-magazine.org\/fr\/wp-content\/uploads\/2023\/12\/Image-5-300x225.jpg 300w, http:\/\/www.combats-magazine.org\/fr\/wp-content\/uploads\/2023\/12\/Image-5-1024x768.jpg 1024w, http:\/\/www.combats-magazine.org\/fr\/wp-content\/uploads\/2023\/12\/Image-5-768x576.jpg 768w, http:\/\/www.combats-magazine.org\/fr\/wp-content\/uploads\/2023\/12\/Image-5-240x180.jpg 240w, http:\/\/www.combats-magazine.org\/fr\/wp-content\/uploads\/2023\/12\/Image-5-200x150.jpg 200w, http:\/\/www.combats-magazine.org\/fr\/wp-content\/uploads\/2023\/12\/Image-5-160x120.jpg 160w, http:\/\/www.combats-magazine.org\/fr\/wp-content\/uploads\/2023\/12\/Image-5.jpg 1471w\" sizes=\"(max-width: 300px) 100vw, 300px\" \/><\/a><p id=\"caption-attachment-4652\" class=\"wp-caption-text\">Cine-Teatro municipale, costruito nel 1950. Nel 2008 fu ristrutturato secondo moduli dell\u2019architettura greco-romana. La facciata \u00e8 ispirata a quella della Basilica romana di San Giovanni in Laterano.<\/p><\/div>\n","protected":false},"excerpt":{"rendered":"<p>Il Brasile \u00e8 pieno di sorprese. Ecco un primo breve articolo\u00a0 che ci manda Mia Lecomte dalla provincia di Sao Paolo, in Brasile, dove si trove adesso per dare un&hellip;<\/p>\n<p class=\"more-link-p\"><a class=\"more-link\" href=\"http:\/\/www.combats-magazine.org\/fr\/pedrinhas-citta-imperiale\/\">Lire plus &rarr;<\/a><\/p>\n","protected":false},"author":4,"featured_media":0,"comment_status":"open","ping_status":"open","sticky":true,"template":"","format":"standard","meta":{"footnotes":""},"categories":[400],"tags":[80],"class_list":["post-4649","post","type-post","status-publish","format-standard","hentry","category-focus-sur","tag-diversite-culturelle"],"_links":{"self":[{"href":"http:\/\/www.combats-magazine.org\/fr\/wp-json\/wp\/v2\/posts\/4649","targetHints":{"allow":["GET"]}}],"collection":[{"href":"http:\/\/www.combats-magazine.org\/fr\/wp-json\/wp\/v2\/posts"}],"about":[{"href":"http:\/\/www.combats-magazine.org\/fr\/wp-json\/wp\/v2\/types\/post"}],"author":[{"embeddable":true,"href":"http:\/\/www.combats-magazine.org\/fr\/wp-json\/wp\/v2\/users\/4"}],"replies":[{"embeddable":true,"href":"http:\/\/www.combats-magazine.org\/fr\/wp-json\/wp\/v2\/comments?post=4649"}],"version-history":[{"count":0,"href":"http:\/\/www.combats-magazine.org\/fr\/wp-json\/wp\/v2\/posts\/4649\/revisions"}],"wp:attachment":[{"href":"http:\/\/www.combats-magazine.org\/fr\/wp-json\/wp\/v2\/media?parent=4649"}],"wp:term":[{"taxonomy":"category","embeddable":true,"href":"http:\/\/www.combats-magazine.org\/fr\/wp-json\/wp\/v2\/categories?post=4649"},{"taxonomy":"post_tag","embeddable":true,"href":"http:\/\/www.combats-magazine.org\/fr\/wp-json\/wp\/v2\/tags?post=4649"}],"curies":[{"name":"wp","href":"https:\/\/api.w.org\/{rel}","templated":true}]}}