{"id":4433,"date":"2023-02-09T11:22:06","date_gmt":"2023-02-09T09:22:06","guid":{"rendered":"http:\/\/www.combats-magazine.org\/fr\/?p=4433"},"modified":"2024-03-23T13:13:53","modified_gmt":"2024-03-23T11:13:53","slug":"les-voix-voies-de-la-diversite-culturelle","status":"publish","type":"post","link":"http:\/\/www.combats-magazine.org\/fr\/les-voix-voies-de-la-diversite-culturelle\/","title":{"rendered":"Les voix\/voies de la diversit\u00e9 culturelle"},"content":{"rendered":"\r\n\r\n\r\n\r\n\r\n\r\n\r\n\r\n\r\n<p class=\"western\" lang=\"it-IT\" align=\"left\"><span style=\"color: #000000;\"><span style=\"font-family: Arial, sans-serif;\"><span style=\"font-size: small;\"> <a href=\"http:\/\/www.combats-magazine.org\/fr\/wp-content\/uploads\/2023\/02\/Affiche-5-scaled.jpg\"><img fetchpriority=\"high\" decoding=\"async\" class=\"alignleft size-medium wp-image-4441\" src=\"http:\/\/www.combats-magazine.org\/fr\/wp-content\/uploads\/2023\/02\/Affiche-5-212x300.jpg\" alt=\"\" width=\"212\" height=\"300\" \/><\/a>Le collectif <\/span><\/span><\/span><span style=\"color: #000000;\"><span style=\"font-family: Arial, sans-serif;\"><span style=\"font-size: small;\"><b>Linguafranca <\/b><\/span><\/span><\/span><span style=\"color: #000000;\"><span style=\"font-family: Arial, sans-serif;\"><span style=\"font-size: small;\">invite trois personnalit\u00e9s du monde des lettres qui font la navette entre les deux rives de l\u2019Atlantique et de la M\u00e9diterran\u00e9e : Rocio Duran-Barba,\u00a0 auteure franco-\u00e9quatorienne, <\/span><\/span><\/span><span style=\"color: #000000;\"><span style=\"font-family: Arial, sans-serif;\"><span style=\"font-size: small;\">Hafid Gafa\u00efti, po\u00e8te et chercheur franco-alg\u00e9rien et Alain Gorius, fondateur des \u00e9ditions <\/span><\/span><\/span><span style=\"color: #000000;\"><span style=\"font-family: Arial, sans-serif;\"><span style=\"font-size: small;\"><span lang=\"fr-FR\">Al\u00a0Manar. Cette rencontre intitul\u00e9e <\/span><\/span><\/span><\/span><span style=\"color: #000000;\"><span style=\"font-family: Arial, sans-serif;\"><span style=\"font-size: small;\"><span lang=\"fr-FR\"><b>Langue, litt\u00e9rature et r\u00e9sistance\u00a0 <\/b><\/span><\/span><\/span><\/span><span style=\"color: #000000;\"><span style=\"font-family: Arial, sans-serif;\"><span style=\"font-size: small;\"><span lang=\"fr-FR\">poursuit la r\u00e9flexion sur les voies de la diversit\u00e9 culturelle et de la transculturation et aura lieu le jeudi <\/span><\/span><\/span><\/span><span style=\"color: #000000;\"><span style=\"font-family: Arial, sans-serif;\"><span style=\"font-size: small;\"><span lang=\"fr-FR\"><b>20 f\u00e9vrier \u00e0 19 h, <\/b><\/span><\/span><\/span><\/span><span style=\"color: #000000;\"><span style=\"font-family: Arial, sans-serif;\"><span style=\"font-size: small;\"><span lang=\"fr-FR\">\u00e0 la <\/span><\/span><\/span><\/span><span style=\"color: #000000;\"><span style=\"font-family: Arial, sans-serif;\"><span style=\"font-size: small;\"><span lang=\"fr-FR\"><b>Maison d\u2019Am\u00e9rique latine,<\/b><\/span><\/span><\/span><\/span><span style=\"color: #000000;\"><span style=\"font-family: Arial, sans-serif;\"><span style=\"font-size: small;\"><span lang=\"fr-FR\"> au petit auditorium, <strong>217 bd St-Germain \u00e0 Paris<\/strong>. Elle se d\u00e9roulera, sous forme de table ronde et sera suivie<\/span><\/span><\/span><\/span><span style=\"color: #000000;\"><span style=\"font-family: Arial, sans-serif;\"><span style=\"font-size: small;\"><span lang=\"fr-FR\"><b> d\u2019un r\u00e9cital de po\u00e9sie et de chansons<\/b><\/span><\/span><\/span><\/span><span style=\"color: #000000;\"><span style=\"font-family: Arial, sans-serif;\"><span style=\"font-size: small;\">.<\/span><\/span><\/span><\/p>\r\n<p lang=\"it-IT\" align=\"left\"><strong>Diversit\u00e9 culturelle et litt\u00e9rature<\/strong><\/p>\r\n<p class=\"western\" lang=\"it-IT\" align=\"left\"><span style=\"color: #000000;\"><span style=\"font-family: Arial, sans-serif;\"><span style=\"font-size: small;\"> Les litt\u00e9ratures latino-am\u00e9ricaines\u00a0 et celles du Maghreb ont en commun l\u2019exp\u00e9rience coloniale (arabe, espagnole, fran\u00e7aise et autres), mais aussi le voisinage de leurs langues qui, par le pass\u00e9, se sont mutuellement influenc\u00e9es. Comment entrent-elles en r\u00e9sistance ? Quel est le r\u00f4le de la langue fran\u00e7aise dans cette transculturation ?\u00a0 Qu&rsquo;est-ce que la transculturation?\u00a0 Suivons la voie des \u00e9crivains.<\/span><\/span><\/span><\/p>\r\n<p lang=\"it-IT\" align=\"left\"><strong>Les invit\u00e9s<\/strong><\/p>\r\n<p class=\"western\" lang=\"it-IT\" align=\"left\"><span style=\"color: #000000;\"><span style=\"font-family: Arial, sans-serif;\"><span style=\"font-size: small;\"><span lang=\"it-IT\">Rocio <\/span><\/span><\/span><\/span><span style=\"color: #000000;\"><span style=\"font-family: Arial, sans-serif;\"><span style=\"font-size: small;\"><span lang=\"it-IT\"><b>Duran-Barba<\/b><\/span><\/span><\/span><\/span><span style=\"color: #000000;\"><span style=\"font-family: Arial, sans-serif;\"><span style=\"font-size: small;\"><span lang=\"fr-FR\">, <\/span><\/span><\/span><\/span><span style=\"color: #000000;\"><span style=\"font-family: Verdana, sans-serif;\"><span style=\"font-size: small;\"><span lang=\"fr-FR\">franco-\u00e9quatorienne, romanci\u00e8re, po\u00e8te, essayiste, artiste-peintre, journaliste. \u00ab\u00a0<\/span><\/span><\/span><\/span><span style=\"color: #000000;\"><span style=\"font-family: Verdana, sans-serif;\"><span style=\"font-size: small;\"><span lang=\"fr-FR\"><i>L\u2019une des plumes les plus remarquables dans l\u2019univers de la litt\u00e9rature latino-<\/i><\/span><\/span><\/span><\/span><span style=\"color: #000000;\"><span style=\"font-family: Verdana, sans-serif;\"><span style=\"font-size: small;\"><span lang=\"fr-FR\"><i>am\u00e9ricaine\u00a0\u00bb\u00a0(<\/i><\/span><\/span><\/span><\/span><span style=\"color: #000000;\"><span style=\"font-family: Verdana, sans-serif;\"><span style=\"font-size: small;\"><span lang=\"fr-FR\">Claude Couffon). Auteur de plus de 70\u00a0livres, dont deux anthologies intitul\u00e9es \u00ab\u00a0R\u00c9SISTER\u00a0\u00bb r\u00e9unissant 300\u00a0\u00e9crivains membres pour la plupart des centres PEN latino-am\u00e9ricains. <\/span><\/span><\/span><\/span><span style=\"color: #000000;\"><span style=\"font-family: Arial, sans-serif;\"><span style=\"font-size: small;\"><span lang=\"fr-FR\">\u00abR\u00e9sister\u00bb est aussi le titre d\u2019un film qu\u2019elle a r\u00e9alis\u00e9 \u00e0 la suite de 22 visioconf\u00e9rences organis\u00e9es sur ce th\u00e8me.\u00a0<\/span><\/span><\/span><\/span><span style=\"color: #000000;\"><span style=\"font-family: Arial, sans-serif;\"><span style=\"font-size: small;\"><span lang=\"fr-FR\">Elle dirige sa fondation \u00e9ponyme (\u00c9quateur) et l\u2019association po\u00e9tique\u00a0<\/span><\/span><\/span><\/span><span style=\"color: #000000;\"><span style=\"font-family: Arial, sans-serif;\"><span style=\"font-size: small;\"><span lang=\"fr-FR\"><i>Lettres en vol<\/i><\/span><\/span><\/span><\/span><span style=\"color: #000000;\"><span style=\"font-family: Arial, sans-serif;\"><span style=\"font-size: small;\"><span lang=\"fr-FR\">\u00a0(Paris). Elle a<\/span><\/span><\/span><\/span><span style=\"color: #000000;\"><span style=\"font-family: Verdana, sans-serif;\"><span style=\"font-size: small;\"><span lang=\"fr-FR\"> re\u00e7u de nombreux prix\u00a0en France et \u00e0 l\u2019international.<\/span><\/span><\/span><\/span><span style=\"color: #000000;\"><span style=\"font-family: Verdana, sans-serif;\"><span style=\"font-size: small;\"><span lang=\"fr-FR\"><a href=\"http:\/\/www.combats-magazine.org\/fr\/wp-content\/uploads\/2023\/02\/Photos-ecrivains-scaled.jpg\"><img decoding=\"async\" class=\"alignleft size-medium wp-image-4442\" src=\"http:\/\/www.combats-magazine.org\/fr\/wp-content\/uploads\/2023\/02\/Photos-ecrivains-300x130.jpg\" alt=\"\" width=\"300\" height=\"130\" srcset=\"http:\/\/www.combats-magazine.org\/fr\/wp-content\/uploads\/2023\/02\/Photos-ecrivains-300x130.jpg 300w, http:\/\/www.combats-magazine.org\/fr\/wp-content\/uploads\/2023\/02\/Photos-ecrivains-1024x443.jpg 1024w, http:\/\/www.combats-magazine.org\/fr\/wp-content\/uploads\/2023\/02\/Photos-ecrivains-768x332.jpg 768w, http:\/\/www.combats-magazine.org\/fr\/wp-content\/uploads\/2023\/02\/Photos-ecrivains-1536x664.jpg 1536w, http:\/\/www.combats-magazine.org\/fr\/wp-content\/uploads\/2023\/02\/Photos-ecrivains-2048x885.jpg 2048w, http:\/\/www.combats-magazine.org\/fr\/wp-content\/uploads\/2023\/02\/Photos-ecrivains-560x242.jpg 560w, http:\/\/www.combats-magazine.org\/fr\/wp-content\/uploads\/2023\/02\/Photos-ecrivains-260x112.jpg 260w, http:\/\/www.combats-magazine.org\/fr\/wp-content\/uploads\/2023\/02\/Photos-ecrivains-160x69.jpg 160w\" sizes=\"(max-width: 300px) 100vw, 300px\" \/><\/a><\/span><\/span><\/span><\/span><\/p>\r\n<p class=\"western\" lang=\"it-IT\" align=\"justify\"><span style=\"color: #000000;\"><span style=\"font-family: Arial, sans-serif;\"><span style=\"font-size: small;\"><span lang=\"it-IT\">Hafid <\/span><\/span><\/span><\/span><span style=\"color: #000000;\"><span style=\"font-family: Arial, sans-serif;\"><span style=\"font-size: small;\"><span lang=\"it-IT\"><b>Gafa\u00efti<\/b><\/span><\/span><\/span><\/span><span style=\"color: #000000;\"><span style=\"font-family: Arial, sans-serif;\"><span style=\"font-size: small;\"><span lang=\"it-IT\">, po\u00e8te\u00a0et chercheur franco-alg\u00e9rien<\/span><\/span><\/span><\/span><span style=\"color: #000000;\"><span style=\"font-family: Arial, sans-serif;\"><span style=\"font-size: small;\"><span lang=\"fr-FR\">, est l\u2019auteur de six recueils, dont l<\/span><\/span><\/span><\/span><span style=\"color: #000000;\"><span style=\"font-family: Arial, sans-serif;\"><span style=\"font-size: small;\"><span lang=\"fr-FR\"><i>es braises de l\u2019aube<\/i><\/span><\/span><\/span><\/span> <span style=\"color: #000000;\"><span style=\"font-family: Arial, sans-serif;\"><span style=\"font-size: small;\"><span lang=\"fr-FR\">et <\/span><\/span><\/span><\/span><span style=\"color: #000000;\"><span style=\"font-family: Arial, sans-serif;\"><span style=\"font-size: small;\"><span lang=\"fr-FR\"><i>survivants de la d\u00e9faite <\/i><\/span><\/span><\/span><\/span><span style=\"color: #000000;\"><span style=\"font-family: Arial, sans-serif;\"><span style=\"font-size: small;\"><span lang=\"fr-FR\">parus chez Al Manar. L<\/span><\/span><\/span><\/span><span style=\"color: #000000;\"><span style=\"font-family: Arial, sans-serif;\"><span style=\"font-size: small;\"><span lang=\"fr-FR\"><i>\u2019\u00e9treinte \u00e9blouie<\/i><\/span><\/span><\/span><\/span><span style=\"color: #000000;\"><span style=\"font-family: Arial, sans-serif;\"><span style=\"font-size: small;\"><span lang=\"fr-FR\">, son troisi\u00e8me recueil chez cet \u00e9diteur para\u00eetra en 2023. En 2015, il re\u00e7ut le Prix Europ\u00e9en Charles Carr\u00e8re de Po\u00e9sie Francophone. Auteur de livres critiques sur les cultures postcoloniales, transnationales et diasporiques, il est \u00e9galement directeur de collection et auteur-compositeur-interpr\u00e8te de ses chansons.<\/span><\/span><\/span><\/span><\/p>\r\n<p class=\"western\" lang=\"it-IT\" align=\"justify\"><span style=\"color: #000000;\"><span style=\"font-family: Arial, sans-serif;\"><span style=\"font-size: small;\"><span lang=\"fr-FR\">Alain <\/span><\/span><\/span><\/span><span style=\"color: #000000;\"><span style=\"font-family: Arial, sans-serif;\"><span style=\"font-size: small;\"><span lang=\"fr-FR\"><b>Gorius, <\/b><\/span><\/span><\/span><\/span><span style=\"color: #000000;\"><span style=\"font-family: Arial, sans-serif;\"><span style=\"font-size: small;\"><span lang=\"fr-FR\">ancien enseignant et journaliste culturel, a fond\u00e9 les \u00e9ditions Al Manar au Maroc, en 1996, au sein de la galerie de peinture \u00e9ponyme. Install\u00e9e \u00e0 Paris depuis 1998, sa maison r\u00e9unit plus de 400 titres parus \u00e0 ce jour. Alain Gorius est pleinement engag\u00e9 au sein de deux associations, <\/span><\/span><\/span><\/span><span style=\"color: #000000;\"><span style=\"font-family: Arial, sans-serif;\"><span style=\"font-size: small;\"><span lang=\"fr-FR\"><b>L\u2019autre Livre<\/b><\/span><\/span><\/span><\/span><span style=\"color: #000000;\"><span style=\"font-family: Arial, sans-serif;\"><span style=\"font-size: small;\"><span lang=\"fr-FR\"> (d\u00e9fense et illustration de l\u2019\u00e9dition ind\u00e9pendante) et <\/span><\/span><\/span><\/span><span style=\"color: #000000;\"><span style=\"font-family: Arial, sans-serif;\"><span style=\"font-size: small;\"><span lang=\"fr-FR\"><b>Page(s)<\/b><\/span><\/span><\/span><\/span><span style=\"color: #000000;\"><span style=\"font-family: Arial, sans-serif;\"><span style=\"font-size: small;\"><span lang=\"fr-FR\"> (bibliophilie contemporaine).<br \/><br \/><\/span><\/span><\/span><\/span><span style=\"font-family: Arial, sans-serif;\">Entr\u00e9e libre dans la limite des places disponibles.<\/span><\/p>\r\n<p lang=\"it-IT\"><span style=\"color: #000000;\"><span style=\"font-family: Arial, sans-serif;\"><span style=\"font-size: small;\"><span lang=\"fr-FR\">Information\u00a0: <\/span><\/span><\/span><\/span><span style=\"color: #000080;\"><span lang=\"zxx\"><u><a class=\"western\" href=\"mailto:contact@linguafrancaonline.org\"><span style=\"color: #000000;\"><span style=\"font-family: Arial, sans-serif;\"><span style=\"font-size: small;\"><span lang=\"fr-FR\">contact@linguafrancaonline.org<\/span><\/span><\/span><\/span><\/a><\/u><\/span><\/span> <b><span style=\"color: #000000;\"><span style=\"font-family: Arial, sans-serif;\"><span style=\"font-size: small;\"><span lang=\"fr-FR\">www.linguafrancaonline.org<\/span><\/span><\/span><\/span><\/b><\/p>\r\n","protected":false},"excerpt":{"rendered":"<p>Les voix\/voies de la diversit\u00e9 culturelle : Rocio Duran-Barba,\u00a0Hafid Gafa\u00efti et Alain Gorius :  20 f\u00e9vrier, 19h. Maison d&rsquo;Am\u00e9rique latine<br \/>\nLe collectif Linguafranca invite trois personnalit\u00e9s du monde des lettres qui font la navette entre les deux rives de l\u2019Atlantique et de la M\u00e9diterran\u00e9e : Rocio Duran-Barba,\u00a0 auteure franco-\u00e9quatorienne, Hafid Gafa\u00efti, po\u00e8te et chercheur franco-alg\u00e9rien et Alain Gorius, fondateur des \u00e9ditions Al\u00a0Manar&#8230;.<\/p>\n<p class=\"more-link-p\"><a class=\"more-link\" href=\"http:\/\/www.combats-magazine.org\/fr\/les-voix-voies-de-la-diversite-culturelle\/\">Lire plus &rarr;<\/a><\/p>\n","protected":false},"author":4,"featured_media":4441,"comment_status":"open","ping_status":"open","sticky":true,"template":"","format":"standard","meta":{"footnotes":""},"categories":[55],"tags":[],"class_list":["post-4433","post","type-post","status-publish","format-standard","has-post-thumbnail","hentry","category-actualite"],"_links":{"self":[{"href":"http:\/\/www.combats-magazine.org\/fr\/wp-json\/wp\/v2\/posts\/4433","targetHints":{"allow":["GET"]}}],"collection":[{"href":"http:\/\/www.combats-magazine.org\/fr\/wp-json\/wp\/v2\/posts"}],"about":[{"href":"http:\/\/www.combats-magazine.org\/fr\/wp-json\/wp\/v2\/types\/post"}],"author":[{"embeddable":true,"href":"http:\/\/www.combats-magazine.org\/fr\/wp-json\/wp\/v2\/users\/4"}],"replies":[{"embeddable":true,"href":"http:\/\/www.combats-magazine.org\/fr\/wp-json\/wp\/v2\/comments?post=4433"}],"version-history":[{"count":0,"href":"http:\/\/www.combats-magazine.org\/fr\/wp-json\/wp\/v2\/posts\/4433\/revisions"}],"wp:featuredmedia":[{"embeddable":true,"href":"http:\/\/www.combats-magazine.org\/fr\/wp-json\/wp\/v2\/media\/4441"}],"wp:attachment":[{"href":"http:\/\/www.combats-magazine.org\/fr\/wp-json\/wp\/v2\/media?parent=4433"}],"wp:term":[{"taxonomy":"category","embeddable":true,"href":"http:\/\/www.combats-magazine.org\/fr\/wp-json\/wp\/v2\/categories?post=4433"},{"taxonomy":"post_tag","embeddable":true,"href":"http:\/\/www.combats-magazine.org\/fr\/wp-json\/wp\/v2\/tags?post=4433"}],"curies":[{"name":"wp","href":"https:\/\/api.w.org\/{rel}","templated":true}]}}