{"id":4340,"date":"2021-01-14T22:10:45","date_gmt":"2021-01-14T20:10:45","guid":{"rendered":"http:\/\/www.combats-magazine.org\/fr\/?p=4340"},"modified":"2022-03-26T19:28:54","modified_gmt":"2022-03-26T17:28:54","slug":"ecrire-entre-les-langues-droits-et-devoirs-de-lecrivain-contemporain","status":"publish","type":"post","link":"http:\/\/www.combats-magazine.org\/fr\/ecrire-entre-les-langues-droits-et-devoirs-de-lecrivain-contemporain\/","title":{"rendered":"\u00c9crire entre les langues : droits et devoirs de l\u2019\u00e9crivain contemporain"},"content":{"rendered":"\t\t<div data-elementor-type=\"wp-post\" data-elementor-id=\"4340\" class=\"elementor elementor-4340\" data-elementor-post-type=\"post\">\n\t\t\t\t\t\t<section data-particle_enable=\"false\" data-particle-mobile-disabled=\"false\" class=\"elementor-section elementor-top-section elementor-element elementor-element-565e39d9 elementor-section-boxed elementor-section-height-default elementor-section-height-default\" data-id=\"565e39d9\" data-element_type=\"section\" data-e-type=\"section\">\n\t\t\t\t\t\t<div class=\"elementor-container elementor-column-gap-default\">\n\t\t\t\t\t<div class=\"elementor-column elementor-col-100 elementor-top-column elementor-element elementor-element-43dd9086\" data-id=\"43dd9086\" data-element_type=\"column\" data-e-type=\"column\">\n\t\t\t<div class=\"elementor-widget-wrap\">\n\t\t\t\t\t\t\t<\/div>\n\t\t<\/div>\n\t\t\t\t\t<\/div>\n\t\t<\/section>\n\t\t\t\t<section data-particle_enable=\"false\" data-particle-mobile-disabled=\"false\" class=\"elementor-section elementor-top-section elementor-element elementor-element-68f7280 elementor-section-boxed elementor-section-height-default elementor-section-height-default\" data-id=\"68f7280\" data-element_type=\"section\" data-e-type=\"section\">\n\t\t\t\t\t\t<div class=\"elementor-container elementor-column-gap-default\">\n\t\t\t\t\t<div class=\"elementor-column elementor-col-100 elementor-top-column elementor-element elementor-element-fcbfabd\" data-id=\"fcbfabd\" data-element_type=\"column\" data-e-type=\"column\">\n\t\t\t<div class=\"elementor-widget-wrap elementor-element-populated\">\n\t\t\t\t\t\t<section data-particle_enable=\"false\" data-particle-mobile-disabled=\"false\" class=\"elementor-section elementor-inner-section elementor-element elementor-element-8fadbc2 elementor-section-boxed elementor-section-height-default elementor-section-height-default\" data-id=\"8fadbc2\" data-element_type=\"section\" data-e-type=\"section\">\n\t\t\t\t\t\t<div class=\"elementor-container elementor-column-gap-default\">\n\t\t\t\t\t<div class=\"elementor-column elementor-col-50 elementor-inner-column elementor-element elementor-element-805ebf6\" data-id=\"805ebf6\" data-element_type=\"column\" data-e-type=\"column\">\n\t\t\t<div class=\"elementor-widget-wrap elementor-element-populated\">\n\t\t\t\t\t\t<div class=\"elementor-element elementor-element-f421280 elementor-widget elementor-widget-image\" data-id=\"f421280\" data-element_type=\"widget\" data-e-type=\"widget\" data-widget_type=\"image.default\">\n\t\t\t\t<div class=\"elementor-widget-container\">\n\t\t\t\t\t\t\t\t\t\t\t\t\t\t\t<img fetchpriority=\"high\" decoding=\"async\" width=\"225\" height=\"300\" src=\"http:\/\/www.combats-magazine.org\/fr\/wp-content\/uploads\/2021\/01\/greve-1-225x300-1.png\" class=\"attachment-large size-large wp-image-4348\" alt=\"\" srcset=\"http:\/\/www.combats-magazine.org\/fr\/wp-content\/uploads\/2021\/01\/greve-1-225x300-1.png 225w, http:\/\/www.combats-magazine.org\/fr\/wp-content\/uploads\/2021\/01\/greve-1-225x300-1-160x213.png 160w\" sizes=\"(max-width: 225px) 100vw, 225px\" \/>\t\t\t\t\t\t\t\t\t\t\t\t\t\t\t<\/div>\n\t\t\t\t<\/div>\n\t\t\t\t\t<\/div>\n\t\t<\/div>\n\t\t\t\t<div class=\"elementor-column elementor-col-50 elementor-inner-column elementor-element elementor-element-dc284ff\" data-id=\"dc284ff\" data-element_type=\"column\" data-e-type=\"column\">\n\t\t\t<div class=\"elementor-widget-wrap elementor-element-populated\">\n\t\t\t\t\t\t<div class=\"elementor-element elementor-element-7030041c elementor-widget elementor-widget-text-editor\" data-id=\"7030041c\" data-element_type=\"widget\" data-e-type=\"widget\" data-widget_type=\"text-editor.default\">\n\t\t\t\t<div class=\"elementor-widget-container\">\n\t\t\t\t\t\t\t\t\t<p><\/p>\n<p>En ce d\u00e9but d\u2019ann\u00e9e un cycle\u00a0 de rencontres en ligne ayant pour th\u00e8me \u00c9crire entre les langues\u00a0: droits et devoirs de l\u2019\u00e9crivain contemporain est organis\u00e9 au Pen Club avec Linguafranca.\u00a0 Ces rencontres se d\u00e9rouleront \u00e0 partir du mardi le 12 janvier \u00e0 partir de 18h et\u00a0 ce, tous les mardis du mois \u00e0 la m\u00eame heure jusqu&rsquo;\u00e0 2 f\u00e9vrier inclus.\u00a0\u00a0<\/p>\n<p><\/p>\n<p>Le mardi 12 janvier, Antoine Spire<strong>, <\/strong>pr\u00e9sident du Pen club fran\u00e7ais inaugurera le cycle et sera suivi par Fulvio Caccia qui prononcera l\u2019allocution d\u2019ouverture. La rencontre sera suivie d\u2019une p\u00e9riode de questions.<\/p>\n<p><\/p>\t\t\t\t\t\t\t\t<\/div>\n\t\t\t\t<\/div>\n\t\t\t\t\t<\/div>\n\t\t<\/div>\n\t\t\t\t\t<\/div>\n\t\t<\/section>\n\t\t\t\t<section data-particle_enable=\"false\" data-particle-mobile-disabled=\"false\" class=\"elementor-section elementor-inner-section elementor-element elementor-element-0ab08ba elementor-section-boxed elementor-section-height-default elementor-section-height-default\" data-id=\"0ab08ba\" data-element_type=\"section\" data-e-type=\"section\">\n\t\t\t\t\t\t<div class=\"elementor-container elementor-column-gap-default\">\n\t\t\t\t\t<div class=\"elementor-column elementor-col-100 elementor-inner-column elementor-element elementor-element-a0e3734\" data-id=\"a0e3734\" data-element_type=\"column\" data-e-type=\"column\">\n\t\t\t<div class=\"elementor-widget-wrap elementor-element-populated\">\n\t\t\t\t\t\t<div class=\"elementor-element elementor-element-41a9c00 elementor-widget elementor-widget-text-editor\" data-id=\"41a9c00\" data-element_type=\"widget\" data-e-type=\"widget\" data-widget_type=\"text-editor.default\">\n\t\t\t\t<div class=\"elementor-widget-container\">\n\t\t\t\t\t\t\t\t\t<p><\/p>\n<p>Mardi 19 janvier on abordera sous le th\u00e8me \u00ab\u00a0 \u00c9crire dans la langue de l\u2019autre\u00a0: pourquoi faire ? \u00ab\u00a0 la d\u00e9licate question de la diversit\u00e9 linguistique, avec Henriette Walter, linguiste, Linda Maria Baros, po\u00e8te d\u2019origine roumaine. David Ferr\u00e9, traducteur et \u00e9diteur<\/p>\n<p><\/p>\n<p>Mardi 26 janvier, les invit\u00e9s\u00a0 de la table ronde\u00a0 \u00ab\u00a0Multilinguisme et espace public :\u00a0 l\u2019\u00e9crivain entre le local et le global \u00ab\u00a0d\u00e9battront \u00a0de la privatisation de l\u2019espace public par le biais des r\u00e9seaux sociaux \u00a0et de la disparition de \u00a0l\u2019espace de la d\u00e9lib\u00e9ration qui lui est consubstantiel lieu o\u00f9 se forme le go\u00fbt par l\u2019esprit critique. C\u2019est aussi l\u2019espace de l\u2019\u00e9ducation, de la citoyennet\u00e9 dont la litt\u00e9rature est la matrice.\u00a0 Quel place et quelles responsabilit\u00e9 pour l\u2019\u00e9crivain, le cr\u00e9ateur, l\u2019\u00e9ducateur et l\u2019\u00e9ducation populaire, quel r\u00f4le pour les pouvoirs publics, l\u2019\u00e9crivain\u00a0? \u00a0avec Thierry Mesny,\u00a0philosophe, Alexie Lorca, Maire-adjointe \u00e0 la culture de la ville de Montreuil, vice-pr\u00e9sidente \u00e0 la culture et \u00e0 l\u2019\u00e9ducation populaire de l\u2019ETS Est-Ensemble,\u00a0 Jean-Philippe Domencq, \u00e9crivain, Antoine Spire,\u00a0 \u00e9crivain et \u00e9diteur Gis\u00e8le Sapiro, directrice d\u2019\u00e9tude \u00e0 l\u2019EHESS.<\/p>\n<p><\/p>\n<p>Enfin le mardi 2 f\u00e9vrier, l\u2019allocution de cl\u00f4ture\u00a0 sera prononc\u00e9 par\u00a0 Heinz Wismann, philosophe, hell\u00e9niste\u00a0? Il sera pr\u00e9sent\u00e9 par Christian Tremblay, Pr\u00e9sident de l\u2019Observatoire europ\u00e9en du plurilinguisme<\/p>\n<p><\/p>\n<p>Ces manifestations sont organis\u00e9es en partenariat\u00a0 avec la SOFIA, La Maison de l\u00a0\u2018Am\u00e9rique latine, l\u2019Observatoire europ\u00e9en du plurilinguisme et le collectif LINGUAFRANCA<\/p>\n<p><\/p>\n<p>L\u2019Inscription est gratuite mais obligatoire\u00a0: <a href=\"mailto:francais.penclub@neuf.fr\">francais.penclub@neuf.fr<\/a><\/p>\n<p><\/p>\n<p>IMPORTANT. Le lien sera envoy\u00e9 quelques jours avant pour la plate-forme zoom et sera le m\u00eame pour tous les rendez-vous.<\/p>\n<p><\/p>\t\t\t\t\t\t\t\t<\/div>\n\t\t\t\t<\/div>\n\t\t\t\t\t<\/div>\n\t\t<\/div>\n\t\t\t\t\t<\/div>\n\t\t<\/section>\n\t\t\t\t\t<\/div>\n\t\t<\/div>\n\t\t\t\t\t<\/div>\n\t\t<\/section>\n\t\t\t\t<\/div>\n\t\t","protected":false},"excerpt":{"rendered":"<p>En ce d\u00e9but d\u2019ann\u00e9e un cycle\u00a0 de rencontres en ligne ayant pour th\u00e8me \u00c9crire entre les langues\u00a0: droits et devoirs de l\u2019\u00e9crivain contemporain est organis\u00e9 au Pen Club avec Linguafranca.\u00a0&hellip;<\/p>\n<p class=\"more-link-p\"><a class=\"more-link\" href=\"http:\/\/www.combats-magazine.org\/fr\/ecrire-entre-les-langues-droits-et-devoirs-de-lecrivain-contemporain\/\">Lire plus &rarr;<\/a><\/p>\n","protected":false},"author":4,"featured_media":4348,"comment_status":"open","ping_status":"open","sticky":false,"template":"","format":"standard","meta":{"footnotes":""},"categories":[55],"tags":[],"class_list":["post-4340","post","type-post","status-publish","format-standard","has-post-thumbnail","hentry","category-actualite"],"_links":{"self":[{"href":"http:\/\/www.combats-magazine.org\/fr\/wp-json\/wp\/v2\/posts\/4340","targetHints":{"allow":["GET"]}}],"collection":[{"href":"http:\/\/www.combats-magazine.org\/fr\/wp-json\/wp\/v2\/posts"}],"about":[{"href":"http:\/\/www.combats-magazine.org\/fr\/wp-json\/wp\/v2\/types\/post"}],"author":[{"embeddable":true,"href":"http:\/\/www.combats-magazine.org\/fr\/wp-json\/wp\/v2\/users\/4"}],"replies":[{"embeddable":true,"href":"http:\/\/www.combats-magazine.org\/fr\/wp-json\/wp\/v2\/comments?post=4340"}],"version-history":[{"count":0,"href":"http:\/\/www.combats-magazine.org\/fr\/wp-json\/wp\/v2\/posts\/4340\/revisions"}],"wp:featuredmedia":[{"embeddable":true,"href":"http:\/\/www.combats-magazine.org\/fr\/wp-json\/wp\/v2\/media\/4348"}],"wp:attachment":[{"href":"http:\/\/www.combats-magazine.org\/fr\/wp-json\/wp\/v2\/media?parent=4340"}],"wp:term":[{"taxonomy":"category","embeddable":true,"href":"http:\/\/www.combats-magazine.org\/fr\/wp-json\/wp\/v2\/categories?post=4340"},{"taxonomy":"post_tag","embeddable":true,"href":"http:\/\/www.combats-magazine.org\/fr\/wp-json\/wp\/v2\/tags?post=4340"}],"curies":[{"name":"wp","href":"https:\/\/api.w.org\/{rel}","templated":true}]}}