{"id":4335,"date":"2021-01-14T19:57:34","date_gmt":"2021-01-14T17:57:34","guid":{"rendered":"http:\/\/www.combats-magazine.org\/fr\/?p=4335"},"modified":"2023-03-07T19:01:12","modified_gmt":"2023-03-07T17:01:12","slug":"viggo-mortensen-au-festival-de-cinema-saint-sebastien","status":"publish","type":"post","link":"http:\/\/www.combats-magazine.org\/fr\/viggo-mortensen-au-festival-de-cinema-saint-sebastien\/","title":{"rendered":"Viggo Mortensen  au  festival de cin\u00e9ma Saint-S\u00e9bastien"},"content":{"rendered":"\r\n<p><a href=\"http:\/\/www.combats-magazine.org\/fr\/wp-content\/uploads\/2021\/01\/ob_1d9ea2_120x160-falling-teaser-13-08-web.png\"><img fetchpriority=\"high\" decoding=\"async\" class=\"size-medium wp-image-4337 alignleft\" src=\"http:\/\/www.combats-magazine.org\/fr\/wp-content\/uploads\/2021\/01\/ob_1d9ea2_120x160-falling-teaser-13-08-web-225x300.png\" alt=\"\" width=\"225\" height=\"300\" srcset=\"http:\/\/www.combats-magazine.org\/fr\/wp-content\/uploads\/2021\/01\/ob_1d9ea2_120x160-falling-teaser-13-08-web-225x300.png 225w, http:\/\/www.combats-magazine.org\/fr\/wp-content\/uploads\/2021\/01\/ob_1d9ea2_120x160-falling-teaser-13-08-web-768x1024.png 768w, http:\/\/www.combats-magazine.org\/fr\/wp-content\/uploads\/2021\/01\/ob_1d9ea2_120x160-falling-teaser-13-08-web-560x747.png 560w, http:\/\/www.combats-magazine.org\/fr\/wp-content\/uploads\/2021\/01\/ob_1d9ea2_120x160-falling-teaser-13-08-web-260x347.png 260w, http:\/\/www.combats-magazine.org\/fr\/wp-content\/uploads\/2021\/01\/ob_1d9ea2_120x160-falling-teaser-13-08-web-160x213.png 160w, http:\/\/www.combats-magazine.org\/fr\/wp-content\/uploads\/2021\/01\/ob_1d9ea2_120x160-falling-teaser-13-08-web.png 900w\" sizes=\"(max-width: 225px) 100vw, 225px\" \/><\/a><\/p>\r\n<p>Robert Scarcia<\/p>\r\n\r\n\r\n\r\n<p>La 68e \u00a0\u00e9dition du Festival de cin\u00e9ma de saint S\u00e9bastien a d\u00e9cern\u00e9 le prix en reconnaissance de la carri\u00e8re professionnelle, le prestigieux Prix Donosti (nom de Saint-S\u00e9bastien en langue basque) \u00e0 Viggo Mortensen.<\/p>\r\n\r\n\r\n\r\n<p>Le passage de Viggo par Saint-S\u00e9bastien a \u00e9t\u00e9 peut \u00eatre le moment le plus joyeux d&rsquo;un festival marqu\u00e9 par les conditions restrictives impos\u00e9s par la pand\u00e9mie. Mortensen n&rsquo;a pas seulement conquis le public avec un charme \u00e9l\u00e9gance \u00a0charmeuse et \u00a0la parfaite maitrise de la langue espagnole. \u00a0\u00a0Avec son accent argentin, on aurait dit un ib\u00e9ro-am\u00e9ricain en visite dans la patrie des anc\u00eatres, si on ne reconnaissait pas dans celui qui parait le plus mignon des blondinets Am\u00e9ricains depuis les ann\u00e9es de gloire de Robert Redford, le caract\u00e8re de la trilogie du \u00ab\u00a0Seigneur des anneaux\u00a0\u00bb et bien d&rsquo;autres films. Lumineux protagoniste de cette \u00e9dition du festival, obscurci par la pand\u00e9mie, Viggo Mortensen a \u00e9galement pr\u00e9sent\u00e9 le film \u00ab\u00a0Falling\u00a0\u00bb, la premi\u00e8re \u0153uvre o\u00f9 il n&rsquo;est pas seulement l&rsquo;acteur principal, mais aussi le r\u00e9alisateur et le sc\u00e9nariste. En d\u2019autres mots, Viggo Mortensen \u00a0\u00a0est dans tous les r\u00f4les&#8230;<\/p>\r\n\r\n\r\n\r\n<p>Falling raconte la difficile relation entre un p\u00e8re et un fils (Viggo joue le p\u00e8re jeune et le fils adulte du p\u00e8re \u00e2g\u00e9). Il est partout et sur plusieurs plans. Le film \u00a0donne \u00e0 voir non seulment l\u2019immense talent\u00a0 de l\u2019acteur\u00a0 dans son professionnalisme prot\u00e9iforme, mais surtout un r\u00e9flexion bien intentionn\u00e9 sur un monde qui change ses param\u00e8tres moraux \u00a0et la crise \u00a0qui s\u2019en suit.<\/p>\r\n\r\n\r\n\r\n<p>Le film \u00a0veut aborder le probl\u00e8me\u00a0 d\u2019un p\u00e8re conservateur et un fils gay , \u00e9poux\u00a0 d\u2019un asiatique\u00a0 \u00e9tant lui-m\u00eame le p\u00e8re adoptif\u00a0 d\u2019une fille latino-am\u00e9ricaine. A premi\u00e8re vue on pourrait dire que si \u00ab\u00a0Falling\u00a0\u00bb \u00a0est le parfait exemple du\u00a0 film \u00ab\u00a0 politiquement correct\u00a0\u00bb \u00a0au point de fr\u00f4ler la caricature.<\/p>\r\n\r\n\r\n\r\n<p>Mais, \u00e0 y regarder de plus pr\u00e8s, tel n\u2019est pas le cas. \u00a0Ayant \u00e9t\u00e9 tourn\u00e9 dans la province canadienne de l&rsquo;Ontario, le film a aussi \u00a0h\u00e9rite du g\u00e9nie des lieux . On y per\u00e7oit une \u00a0approche\u00a0 tr\u00e8s canadienne\u00a0 et donc p\u00e9riph\u00e9rique par rapport \u00a0au grand voisin\u00a0 am\u00e9ricain \u00a0: en occurrence celle conservatrice \u00a0de \u00a0l&rsquo;Am\u00e9rique blanche\u00a0 anglophone interpr\u00e9t\u00e9 \u00a0par le p\u00e8re vieillissant.<\/p>\r\n\r\n\r\n\r\n<p>Une image non pas caricaturale, mais par contre l\u00e9g\u00e8rement complaisante, en raison de la conviction profonde et parfois certaine que le Canada anglais est une version plus civilis\u00e9e des \u00c9tats-Unis.<\/p>\r\n\r\n\r\n\r\n<p>Terminons en saluant le prix pour la meilleure interpr\u00e9tation masculine. La Coquille d&rsquo;argent a prim\u00e9 le travail collectif de quatre messieurs dans une production scandinave et d&rsquo;Hollande. Le film, s&rsquo;appelle \u00ab\u00a0Drunk, Another round\u00a0\u00bbet raconte les al\u00e9as de quatre professeurs engag\u00e9s dans une \u00e9preuve bien particuli\u00e8re: \u00ab\u00a0d\u00e9montrer le b\u00e9n\u00e9fices d&rsquo;un niveau constant d&rsquo;intoxication \u00e9thylique\u00a0\u00bb pendant une journ\u00e9e de travail. Les quatre acteurs Madds Mikkelsen, Thomas Bo Larsen, Magnus Millang et Lars Ranthe ont effectivement fait briller leur sens de l&rsquo;humour bien scandinave. A&rsquo; prendre avec un grain de sel et beaucoup de mod\u00e9ration\u00a0!.\u00a0<\/p>\r\n","protected":false},"excerpt":{"rendered":"<p>Robert Scarcia La 68e \u00a0\u00e9dition du Festival de cin\u00e9ma de saint S\u00e9bastien a d\u00e9cern\u00e9 le prix en reconnaissance de la carri\u00e8re professionnelle, le prestigieux Prix Donosti (nom de Saint-S\u00e9bastien en&hellip;<\/p>\n<p class=\"more-link-p\"><a class=\"more-link\" href=\"http:\/\/www.combats-magazine.org\/fr\/viggo-mortensen-au-festival-de-cinema-saint-sebastien\/\">Lire plus &rarr;<\/a><\/p>\n","protected":false},"author":3,"featured_media":4337,"comment_status":"open","ping_status":"open","sticky":false,"template":"","format":"standard","meta":{"footnotes":""},"categories":[55,38,36],"tags":[],"class_list":["post-4335","post","type-post","status-publish","format-standard","has-post-thumbnail","hentry","category-actualite","category-cinema-critique","category-critiques"],"_links":{"self":[{"href":"http:\/\/www.combats-magazine.org\/fr\/wp-json\/wp\/v2\/posts\/4335","targetHints":{"allow":["GET"]}}],"collection":[{"href":"http:\/\/www.combats-magazine.org\/fr\/wp-json\/wp\/v2\/posts"}],"about":[{"href":"http:\/\/www.combats-magazine.org\/fr\/wp-json\/wp\/v2\/types\/post"}],"author":[{"embeddable":true,"href":"http:\/\/www.combats-magazine.org\/fr\/wp-json\/wp\/v2\/users\/3"}],"replies":[{"embeddable":true,"href":"http:\/\/www.combats-magazine.org\/fr\/wp-json\/wp\/v2\/comments?post=4335"}],"version-history":[{"count":0,"href":"http:\/\/www.combats-magazine.org\/fr\/wp-json\/wp\/v2\/posts\/4335\/revisions"}],"wp:featuredmedia":[{"embeddable":true,"href":"http:\/\/www.combats-magazine.org\/fr\/wp-json\/wp\/v2\/media\/4337"}],"wp:attachment":[{"href":"http:\/\/www.combats-magazine.org\/fr\/wp-json\/wp\/v2\/media?parent=4335"}],"wp:term":[{"taxonomy":"category","embeddable":true,"href":"http:\/\/www.combats-magazine.org\/fr\/wp-json\/wp\/v2\/categories?post=4335"},{"taxonomy":"post_tag","embeddable":true,"href":"http:\/\/www.combats-magazine.org\/fr\/wp-json\/wp\/v2\/tags?post=4335"}],"curies":[{"name":"wp","href":"https:\/\/api.w.org\/{rel}","templated":true}]}}