{"id":4323,"date":"2021-01-14T19:04:41","date_gmt":"2021-01-14T17:04:41","guid":{"rendered":"http:\/\/www.combats-magazine.org\/fr\/?p=4323"},"modified":"2021-01-14T20:14:10","modified_gmt":"2021-01-14T18:14:10","slug":"68e-festival-de-cinema-saint-sebastien-deux-georgiennes-honorees","status":"publish","type":"post","link":"http:\/\/www.combats-magazine.org\/fr\/68e-festival-de-cinema-saint-sebastien-deux-georgiennes-honorees\/","title":{"rendered":"68e Festival de cin\u00e9ma Saint-S\u00e9bastien : deux  g\u00e9orgiennes  honor\u00e9es"},"content":{"rendered":"\r\n<p><a href=\"http:\/\/www.combats-magazine.org\/fr\/wp-content\/uploads\/2021\/01\/video_6076-2.jpg\"><img fetchpriority=\"high\" decoding=\"async\" class=\"alignnone size-medium wp-image-4332\" src=\"http:\/\/www.combats-magazine.org\/fr\/wp-content\/uploads\/2021\/01\/video_6076-2-300x169.jpg\" alt=\"\" width=\"300\" height=\"169\" srcset=\"http:\/\/www.combats-magazine.org\/fr\/wp-content\/uploads\/2021\/01\/video_6076-2-300x169.jpg 300w, http:\/\/www.combats-magazine.org\/fr\/wp-content\/uploads\/2021\/01\/video_6076-2-1024x576.jpg 1024w, http:\/\/www.combats-magazine.org\/fr\/wp-content\/uploads\/2021\/01\/video_6076-2-768x432.jpg 768w, http:\/\/www.combats-magazine.org\/fr\/wp-content\/uploads\/2021\/01\/video_6076-2-560x315.jpg 560w, http:\/\/www.combats-magazine.org\/fr\/wp-content\/uploads\/2021\/01\/video_6076-2-260x146.jpg 260w, http:\/\/www.combats-magazine.org\/fr\/wp-content\/uploads\/2021\/01\/video_6076-2-160x90.jpg 160w, http:\/\/www.combats-magazine.org\/fr\/wp-content\/uploads\/2021\/01\/video_6076-2.jpg 1080w\" sizes=\"(max-width: 300px) 100vw, 300px\" \/><\/a>Avant d&rsquo;entrer dans le \u00a0dur \u00a0\u00a0de la 68e \u00e9dition du Festival International du cin\u00e9ma de Saint-S\u00e9bastien, un pr\u00e9ambule s&rsquo;impose. Il est important de souligner les conditions dans lesquelles s&rsquo;est d\u00e9roul\u00e9 cette \u00a0rencontre \u00a0du cin\u00e9ma du mois de septembre dernier parce qu&rsquo;il pourrait s&rsquo;agir d&rsquo;un indicateur \u00e0 venir dans tout ce qui \u00a0touche l&rsquo;art et les spectacles.<\/p>\r\n\r\n\r\n\r\n<p>Si l\u2019on souhaite que les festivals en tant que tels veulent survivre \u00a0au covid-19, la peste de notre temps, les organisateurs ont int\u00e9r\u00eat \u00e0 s\u2019inspirer de Saint-S\u00e9bastien dont la \u00a0r\u00e9ussite \u00a0\u00e0 cet \u00e9gard est remarquable. Dans ces conditions difficiles. \u00a0Certes il \u00e9tait difficile\u00a0 de conserver sa dimension festive qui\u00a0 faisait son charme. \u00a0Ce n\u2019est pas la seule manifestation \u00e0 en p\u00e2tir. Il est aussi malheureusement clair que nous devrons nous adapter \u00e0 une situation dans laquelle l&rsquo;acc\u00e8s aux projections et aux conf\u00e9rences de presse doit passer par un syst\u00e8me d&rsquo;inscription en ligne. Visio-conf\u00e9rences et masques obligatoires, cela va sans dire.<\/p>\r\n\r\n\r\n\r\n<p>En esp\u00e9rant que l&rsquo;ann\u00e9e qui vient de commencer sera plus cl\u00e9mente envers des pays entiers r\u00e9duits \u00e0 une condition alternant entre un esp\u00e8ce d&rsquo;\u00e9tat d&rsquo;assignation \u00e0 r\u00e9sidence en version \u00ab\u00a0soft\u00a0\u00bb et des couvre-feux \u00ab\u00a0d\u00e9caf\u00e9in\u00e9s\u00a0\u00bb, la 68e \u00e9dition du Festival \u00e0 Saint-S\u00e9bastien en septembre dernier peut \u00eatre utile pour comprendre comment s&rsquo;adapter \u00e0 la pr\u00e9sentation au public de toute production culturelle \u00e0 l&rsquo;avenir.<\/p>\r\n\r\n\r\n\r\n<p><strong>Les vainqueurs<\/strong><\/p>\r\n\r\n\r\n\r\n<p>Venons aux gagnants. Le grand gagnant de l&rsquo;\u00e9dition 2020 a \u00e9t\u00e9 le film g\u00e9orgien , \u00a0\u00bb ou commencement. L&rsquo;\u0153uvre premi\u00e8re de la directrice Dea Kulumbegashvili a remport\u00e9 la Coquille d&rsquo;or du meilleur film, la Coquille d&rsquo;argent de la meilleure interpr\u00e9tation f\u00e9minine (Ia Sukhitashvili) et le prix du jury pour la meilleure mise en sc\u00e8ne. Le film raconte l&rsquo;histoire de la femme d&rsquo;un chef d&rsquo;une communaut\u00e9 de T\u00e9moins de J\u00e9hovah, qui commence \u00e0 questionner l&rsquo;autorit\u00e9 que le mari a sur elle et s&rsquo;engage dans un tortueux chemin de recherche du soi qui parfois prend l\u2019allure\u00a0 d\u2019un course \u00a0qui conduit\u00a0 la protagoniste dans un cul de sac. Dasatskisi est un film qui ne peut pas laisser indiff\u00e9rents : un \u00e9trange m\u00e9lange de beaut\u00e9 et de violence, d\u00e8s l&rsquo;une des premi\u00e8res sc\u00e8nes du film, un attaque style pogrom contre le centre communautaire des t\u00e9moins de J\u00e9hovah, en passant par la sc\u00e8ne du viol de la protagoniste, film\u00e9 en gros plan\u00a0: la violence est reine. En effet il s&rsquo;agit d&rsquo;un \u00a0croisement d&rsquo;ailleurs assum\u00e9 par la r\u00e9alisatrice: \u00ab\u00a0la beaut\u00e9 et la violence ne peuvent pas \u00eatre\u00a0 dissoci\u00e9es \u00a0entendus s\u00e9par\u00e9ment\u00a0\u00bb a expliqu\u00e9 Dea Kulumbegashvili \u00ab\u00a0les deux ph\u00e9nom\u00e8nes construisent la vie de Yana\u00a0\u00bb, la protagoniste, interpr\u00e9t\u00e9e par Ia Sukhitashvili, la meilleure interpr\u00e9tation f\u00e9minine du festival.<\/p>\r\n\r\n\r\n\r\n<p>N&rsquo;oubliant pas que Dasatskisi est un film de G\u00e9orgie\u00a0; ergo d&rsquo;un pays du Caucase et sachant des derni\u00e8res \u00e9v\u00e9nements tragiques de cette r\u00e9gion du monde marqu\u00e9 par le sang du conflit dans le Karabach, et rappelant que ces \u00e9v\u00e9nements sont en fait les r\u00e9sultats retard\u00e9s de la chute de l&rsquo;Union sovi\u00e9tique, il me semble en conclusion qu&rsquo;il est parfois n\u00e9cessaire \u00a0d&rsquo;etre r\u00e9p\u00e9titif et m\u00eame provocateur.<\/p>\r\n\r\n\r\n\r\n<p>En prennent le risque d&rsquo;\u00eatre r\u00e9p\u00e9titif, il me semble que Dasatskisi le film, et sa protagoniste Yana, sont une m\u00e9taphore pour \u00a0les pays du Caucase qui, entre violence et beaut\u00e9, se cherchent au risque de terminer dans l&rsquo;impasse.<\/p>\r\n\r\n\r\n\r\n<p>En assumant le risque de provoquer&#8230; le grand fr\u00e8re russe, \u00a0le Caucase moderne , m\u00eame \u00e9clat\u00e9, brille magnifiquement sur le grand \u00e9cran. Il le \u00a0fait avec un nuance fondamentale et \u00ab\u00a0sine qua non\u00a0\u00bb, \u00a0qu\u2019ont les cr\u00e9ateurs de la p\u00e9riph\u00e9rie dans leur rapport avec le \u00a0centre, ici en occurrence l\u2019immense russie et ses multiples\u00a0 avatars\u00a0 historiques\u00a0:\u00a0 de l\u2019empire tsariste en passant par la domination sovi\u00e9tique et aujourd\u2019hui\u00a0 de la f\u00e9d\u00e9ration russe. \u00a0Encore une fois l&rsquo;impasse beau et violent de la belle Yana de Dasatskisi est une m\u00e9taphore d&rsquo;un ensemble r\u00e9gional.<\/p>\r\n\r\n\r\n\r\n<p>Faudrait-il rappeler \u00e0 ces jeunes cin\u00e9astes g\u00e9orgiennes qu&rsquo;il n&rsquo;y a pas de honte dans une condition p\u00e9riph\u00e9rique et que dans d&rsquo;autres latitudes, o\u00f9 plut\u00f4t longitudes, les \u00ab\u00a0p\u00e9riph\u00e9ries\u00a0\u00bb ont donn\u00e9 la pens\u00e9e du sarde Gramsci et la plume du sicilien Pirandello.<\/p>\r\n\r\n\r\n\r\n<div class=\"wp-block-file\">\u00a0<\/div>\r\n","protected":false},"excerpt":{"rendered":"<p>Avant d&rsquo;entrer dans le \u00a0dur \u00a0\u00a0de la 68e \u00e9dition du Festival International du cin\u00e9ma de Saint-S\u00e9bastien, un pr\u00e9ambule s&rsquo;impose. Il est important de souligner les conditions dans lesquelles s&rsquo;est d\u00e9roul\u00e9&hellip;<\/p>\n<p class=\"more-link-p\"><a class=\"more-link\" href=\"http:\/\/www.combats-magazine.org\/fr\/68e-festival-de-cinema-saint-sebastien-deux-georgiennes-honorees\/\">Lire plus &rarr;<\/a><\/p>\n","protected":false},"author":3,"featured_media":0,"comment_status":"open","ping_status":"open","sticky":true,"template":"","format":"standard","meta":{"footnotes":""},"categories":[55,38],"tags":[154],"class_list":["post-4323","post","type-post","status-publish","format-standard","hentry","category-actualite","category-cinema-critique","tag-festival-de-saint-sebastien"],"_links":{"self":[{"href":"http:\/\/www.combats-magazine.org\/fr\/wp-json\/wp\/v2\/posts\/4323","targetHints":{"allow":["GET"]}}],"collection":[{"href":"http:\/\/www.combats-magazine.org\/fr\/wp-json\/wp\/v2\/posts"}],"about":[{"href":"http:\/\/www.combats-magazine.org\/fr\/wp-json\/wp\/v2\/types\/post"}],"author":[{"embeddable":true,"href":"http:\/\/www.combats-magazine.org\/fr\/wp-json\/wp\/v2\/users\/3"}],"replies":[{"embeddable":true,"href":"http:\/\/www.combats-magazine.org\/fr\/wp-json\/wp\/v2\/comments?post=4323"}],"version-history":[{"count":0,"href":"http:\/\/www.combats-magazine.org\/fr\/wp-json\/wp\/v2\/posts\/4323\/revisions"}],"wp:attachment":[{"href":"http:\/\/www.combats-magazine.org\/fr\/wp-json\/wp\/v2\/media?parent=4323"}],"wp:term":[{"taxonomy":"category","embeddable":true,"href":"http:\/\/www.combats-magazine.org\/fr\/wp-json\/wp\/v2\/categories?post=4323"},{"taxonomy":"post_tag","embeddable":true,"href":"http:\/\/www.combats-magazine.org\/fr\/wp-json\/wp\/v2\/tags?post=4323"}],"curies":[{"name":"wp","href":"https:\/\/api.w.org\/{rel}","templated":true}]}}