{"id":4090,"date":"2018-10-23T10:52:24","date_gmt":"2018-10-23T08:52:24","guid":{"rendered":"http:\/\/www.combats-magazine.org\/fr\/?p=4090"},"modified":"2018-10-23T10:52:24","modified_gmt":"2018-10-23T08:52:24","slug":"66e-festival-de-cinema-de-saint-sebastien-la-question-sociale-sous-les-projecteurs","status":"publish","type":"post","link":"http:\/\/www.combats-magazine.org\/fr\/66e-festival-de-cinema-de-saint-sebastien-la-question-sociale-sous-les-projecteurs\/","title":{"rendered":"66e  festival de cin\u00e9ma de Saint-S\u00e9bastien: la question sociale sous les projecteurs"},"content":{"rendered":"<p class=\"western\" lang=\"it-IT\"><span style=\"color: #000000;\">\u00a0<\/span><\/p>\n<p class=\"western\" lang=\"it-IT\"><span style=\"color: #000000;\"><em>Le film qui remporte la Coquille d&rsquo;or du 66e du Festival du cin\u00e9ma de Saint-S\u00e9bastien a pour titre <img fetchpriority=\"high\" decoding=\"async\" class=\"alignleft size-full wp-image-4091\" src=\"http:\/\/www.combats-magazine.org\/fr\/wp-content\/uploads\/2018\/10\/Entre-deux-eaux.jpeg\" alt=\"\" width=\"225\" height=\"225\" srcset=\"http:\/\/www.combats-magazine.org\/fr\/wp-content\/uploads\/2018\/10\/Entre-deux-eaux.jpeg 225w, http:\/\/www.combats-magazine.org\/fr\/wp-content\/uploads\/2018\/10\/Entre-deux-eaux-150x150.jpeg 150w, http:\/\/www.combats-magazine.org\/fr\/wp-content\/uploads\/2018\/10\/Entre-deux-eaux-160x160.jpeg 160w\" sizes=\"(max-width: 225px) 100vw, 225px\" \/> (Entre deux eaux), r\u00e9alis\u00e9 par le cin\u00e9aste catalan\u00a0Isaki\u00a0Lacuesta<\/em>. Le titre du film reprend une chanson du c\u00e9l\u00e9br\u00e9 guitariste andalou Paco de Lucia. Ce choix n&rsquo;est pas anodin. En fait le film de\u00a0Lacuesta\u00a0raconte la vie de deux fr\u00e8res gitans de San Fernando, fameuse localit\u00e9 de la r\u00e9gion de Cadix, dans l&rsquo;Andalousie profonde, marqu\u00e9e depuis toujours par des\u00a0probl\u00e8mes\u00a0de pauvret\u00e9, que quarante ans d&rsquo;aide\u00a0europ\u00e9enne\u00a0n&rsquo;ont pas su, ou voulu r\u00e9soudre. L&rsquo;un des\u00a0fr\u00e8res essaie de s&rsquo;en sortir en s&rsquo;engageant comme cuisinier dans la marine militaire, et le seul moyen de payer ses dettes et de garantir un avenir \u00e0 ses filles, est d&rsquo;accepter des longues \u00ab\u00a0missions\u00a0\u00bb en mer, telles la protection des bateaux commerciaux contre les attaques pirates dans\u00a0l&rsquo;Oc\u00e9an\u00a0Indien. L&rsquo;autre fr\u00e8re vient de sortir de prison, passage presque obligatoire pour les jeunes gens, le commerce des drogues, \u00e0 deux pas de la\u00a0c\u00f4te\u00a0africaine, \u00e9tant la seule voie pour joindre les deux bouts.<\/span><\/p>\n<p class=\"western\" lang=\"it-IT\"><span style=\"color: #000000;\">\u00ab\u00a0Entre deux eaux\u00a0\u00bb, a expliqu\u00e9\u00a0Isaki\u00a0Lacuesta, \u00ab\u00a0illustre cette tranche de temps interm\u00e9diaire entre ce qu&rsquo;on attend de la vie et sa r\u00e9alit\u00e9, entre les deux mers de la cote andalouse, l&rsquo;Atlantique et la\u00a0M\u00e9diterran\u00e9e, entre deux continents&#8230;\u00a0\u00bb Ce qu&rsquo;interpelle votre serviteur par contre, et qui\u00a0d\u00e9montre\u00a0bien\u00a0que \u201cEntre\u00a0dos\u00a0Aguas\u201d\u00a0est le fruit de nos temps,\u00a0hyper individualiste, c&rsquo;est l&rsquo;absence totale\u00a0de tout projet politique collectif.\u00a0L&rsquo;hyper individualisme\u00a0consum\u00e9riste,\u00a0d\u00e9j\u00e0\u00a0identifi\u00e9 comme le mal absolu par\u00a0Pier\u00a0Paolo\u00a0Pasolini, et dont, a\u00a0p\u00e9n\u00e8tre\u00a0aussi la terre andalouse, chant\u00e9 jadis par\u00a0Lorca dans \u00ab\u00a0Romancero\u00a0\u00bbl.<\/span><\/p>\n<p class=\"western\" lang=\"it-IT\"><span style=\"color: #000000;\">Dans cette fiction \u00ab\u00a0hyperr\u00e9aliste\u00a0\u00bb, comme l&rsquo;a\u00a0d\u00e9fini, son r\u00e9alisateur, chacun \u00e0 sa\u00a0fa\u00e7on,\u00a0cherche la\u00a0r\u00e9demption\u00a0et leur place dans la vie, mais une\u00a0r\u00e9demption\u00a0individuelle, et non collective n&rsquo;est pas facile dans la vie\u00a0r\u00e9elle\u00a0. Ce\u00a0prix\u00a0de la\u00a0\u201cConcha\u00a0d&rsquo;oro\u201d, le confirme.<\/span><\/p>\n<p class=\"western\" lang=\"it-IT\"><span style=\"color: #000000;\">L&rsquo;autre grand gagnant du Festival du cin\u00e9ma de Saint-S\u00e9bastien est \u201cAlpha,\u00a0<span style=\"font-family: Helvetica, sans-serif;\">the<\/span>\u00a0<span style=\"font-family: Helvetica, sans-serif;\">right<\/span>\u00a0<span style=\"font-family: Helvetica, sans-serif;\">to<\/span>\u00a0<span style=\"font-family: Helvetica, sans-serif;\">kill\u00a0\u00bb<\/span>, le droit de tuer du r\u00e9alisateur philippin Brillante\u00a0<span style=\"font-family: Helvetica, sans-serif;\">Mendoza<\/span>, qui a remport\u00e9 le prix du jury du meilleur r\u00e9alisateur. L&rsquo;\u0153uvre est un \u00ab\u00a0docu-drame\u00a0\u00bb, mi-documentaire, mi-fiction sur une unit\u00e9 sp\u00e9ciale de la police des Philippines dans le combat contre le trafic de drogue. La dure r\u00e9alit\u00e9 qui se cache derri\u00e8re cette guerre sans merci dans les quartiers de Manille, se d\u00e9ploie sans masque. Alpha, est un film courageux, pour trois raisons\u00a0: la premi\u00e8re, parce qu&rsquo;il ne conc\u00e8de rien aux trafiquants en montrant les ravages provoqu\u00e9s par la drogue, la deuxi\u00e8me parce qu&rsquo;il n\u2019a pas peur de d\u00e9noncer la mani\u00e8re dont les m\u00eames super flics de l&rsquo;unit\u00e9, n&rsquo;h\u00e9sitent pas \u00e0 s&rsquo;adonner au petit commerce de drogues. La troisi\u00e8me raison, message moins \u00e9vident, mais clairement subliminal, le film souligne comment le commerce des drogues est d\u00e9sormais partie int\u00e9grante de l&rsquo;\u00e9conomie r\u00e9elle.\u00a0<span style=\"font-family: Helvetica, sans-serif;\">Mendoza<\/span>, le meilleur r\u00e9alisateur de ce festival, l&rsquo;a lui m\u00eame soulign\u00e9 : \u201c L&rsquo;histoire a pour objet la soci\u00e9t\u00e9 toute enti\u00e8re dont les personnage sont l&rsquo;expression\u00a0\u00bb. Ce prix, le r\u00e9alisateur l&rsquo;a d\u00e9di\u00e9 \u00ab\u00a0\u00e0 tous les philippins qui se battent pour une vie digne\u00a0\u00bb.<\/span><\/p>\n<p class=\"western\" lang=\"it-IT\"><span style=\"color: #000000;\">Terminons\u00a0cette chronique en signalant que les prix\u00a0<span style=\"font-family: Helvetica, sans-serif;\">Donostia<\/span>\u00a0(<span style=\"font-family: Helvetica, sans-serif;\">Saint-S\u00e9bastien<\/span>\u00a0en langue basque) d\u00e9di\u00e9s \u00e0 la carri\u00e8re d&rsquo;artistes sont all\u00e9s\u00a0<span style=\"font-family: Helvetica, sans-serif;\">cette\u00a0<\/span>ann\u00e9e \u00e0 Danny De\u00a0<span style=\"font-family: Helvetica, sans-serif;\">Vito<\/span>, \u00e0 l&rsquo;actrice britannique\u00a0<span style=\"font-family: Helvetica, sans-serif;\">Judi<\/span>\u00a0<span style=\"font-family: Helvetica, sans-serif;\">Dench<\/span>\u00a0ainsi qu&rsquo;au r\u00e9alisateur japonais\u00a0<span style=\"font-family: Helvetica, sans-serif;\">Hiruzako<\/span>\u00a0<span style=\"font-family: Helvetica, sans-serif;\">Koreeda<\/span>.<\/span><\/p>\n","protected":false},"excerpt":{"rendered":"<p>\u00a0 Le film qui remporte la Coquille d&rsquo;or du 66e du Festival du cin\u00e9ma de Saint-S\u00e9bastien a pour titre (Entre deux eaux), r\u00e9alis\u00e9 par le cin\u00e9aste catalan\u00a0Isaki\u00a0Lacuesta. Le titre du&hellip;<\/p>\n<p class=\"more-link-p\"><a class=\"more-link\" href=\"http:\/\/www.combats-magazine.org\/fr\/66e-festival-de-cinema-de-saint-sebastien-la-question-sociale-sous-les-projecteurs\/\">Lire plus &rarr;<\/a><\/p>\n","protected":false},"author":3,"featured_media":0,"comment_status":"open","ping_status":"open","sticky":false,"template":"","format":"standard","meta":{"footnotes":""},"categories":[55,38],"tags":[155,598],"class_list":["post-4090","post","type-post","status-publish","format-standard","hentry","category-actualite","category-cinema-critique","tag-cinema-europeen","tag-san-sebastian"],"_links":{"self":[{"href":"http:\/\/www.combats-magazine.org\/fr\/wp-json\/wp\/v2\/posts\/4090","targetHints":{"allow":["GET"]}}],"collection":[{"href":"http:\/\/www.combats-magazine.org\/fr\/wp-json\/wp\/v2\/posts"}],"about":[{"href":"http:\/\/www.combats-magazine.org\/fr\/wp-json\/wp\/v2\/types\/post"}],"author":[{"embeddable":true,"href":"http:\/\/www.combats-magazine.org\/fr\/wp-json\/wp\/v2\/users\/3"}],"replies":[{"embeddable":true,"href":"http:\/\/www.combats-magazine.org\/fr\/wp-json\/wp\/v2\/comments?post=4090"}],"version-history":[{"count":0,"href":"http:\/\/www.combats-magazine.org\/fr\/wp-json\/wp\/v2\/posts\/4090\/revisions"}],"wp:attachment":[{"href":"http:\/\/www.combats-magazine.org\/fr\/wp-json\/wp\/v2\/media?parent=4090"}],"wp:term":[{"taxonomy":"category","embeddable":true,"href":"http:\/\/www.combats-magazine.org\/fr\/wp-json\/wp\/v2\/categories?post=4090"},{"taxonomy":"post_tag","embeddable":true,"href":"http:\/\/www.combats-magazine.org\/fr\/wp-json\/wp\/v2\/tags?post=4090"}],"curies":[{"name":"wp","href":"https:\/\/api.w.org\/{rel}","templated":true}]}}