{"id":4064,"date":"2018-10-04T14:47:17","date_gmt":"2018-10-04T12:47:17","guid":{"rendered":"http:\/\/www.combats-magazine.org\/fr\/?p=4064"},"modified":"2018-10-04T15:37:03","modified_gmt":"2018-10-04T13:37:03","slug":"festival-de-cinema-de-san-sebastien-rojo-et-blind-spot-du-nord-au-sud-les-interprtes-a-lhonneur","status":"publish","type":"post","link":"http:\/\/www.combats-magazine.org\/fr\/festival-de-cinema-de-san-sebastien-rojo-et-blind-spot-du-nord-au-sud-les-interprtes-a-lhonneur\/","title":{"rendered":"Festival de cin\u00e9ma de San Sebastian 2018 : les interpr\u00e8tes \u00e0 l&rsquo;honneur"},"content":{"rendered":"<p lang=\"it-IT\"><em><span style=\"color: #000000;\"><strong>D&rsquo;Argentine \u00e0 la Norv\u00e8ge, malgr\u00e9 les milliers de kilom\u00e8tres, les distances se raccourcissent sur le grand \u00e9cran surtout lorsqu&rsquo;il s&rsquo;agit de rendre hommage aux actrices et acteurs qui incarnent les drames et com\u00e9dies de nos soci\u00e9t\u00e9s. Commen\u00e7ons par \u00ab\u00a0Rojo\u00a0\u00bb, un film argentin qui a obtenu la Coquille d&rsquo;argent pour la meilleure\u00a0interpr\u00e9tation\u00a0masculine discern\u00e9 \u00e0 Dario\u00a0Grandinetti.<\/strong> <\/span><\/em><\/p>\n<p lang=\"it-IT\"><span style=\"color: #000000;\"><img fetchpriority=\"high\" decoding=\"async\" class=\"alignleft size-medium wp-image-4065\" src=\"http:\/\/www.combats-magazine.org\/fr\/wp-content\/uploads\/2018\/10\/img_30017-225x300.jpg\" alt=\"\" width=\"225\" height=\"300\" srcset=\"http:\/\/www.combats-magazine.org\/fr\/wp-content\/uploads\/2018\/10\/img_30017-225x300.jpg 225w, http:\/\/www.combats-magazine.org\/fr\/wp-content\/uploads\/2018\/10\/img_30017-560x747.jpg 560w, http:\/\/www.combats-magazine.org\/fr\/wp-content\/uploads\/2018\/10\/img_30017-260x347.jpg 260w, http:\/\/www.combats-magazine.org\/fr\/wp-content\/uploads\/2018\/10\/img_30017-160x213.jpg 160w, http:\/\/www.combats-magazine.org\/fr\/wp-content\/uploads\/2018\/10\/img_30017.jpg 750w\" sizes=\"(max-width: 225px) 100vw, 225px\" \/>R\u00e9alis\u00e9 par Benjamin\u00a0Naishtat, jeune talent argentin, ce long m\u00e9trage propose\u00a0un regard\u00a0sans\u00a0concession\u00a0sur la soci\u00e9t\u00e9 argentine pendant la dictature militaire des ann\u00e9es 70. Pas de soldats dans\u00a0Rojo, une soci\u00e9t\u00e9 sous influence durant ces ann\u00e9es de plomb et de r\u00e9pression o\u00f9 r\u00e8gne une \u00ab\u00a0double morale\u00a0\u00bb\u00a0:\u00a0les personnages du film savent et sentent ce tournant de r\u00e9pression mais ferment les yeux. En\u00a0d&rsquo;autres\u00a0mots,\u00a0Rojo\u00a0est une\u00a0interpr\u00e9tation\u00a0argentine de ce\u00a0qu\u2019Hannah Arendt\u00a0appelait\u00a0\u00ab\u00a0la banalit\u00e9 du mal\u00a0\u00bb ou plus\u00a0pr\u00e9cis\u00e9ment\u00a0de son corollaire : la peur de savoir, la\u00a0l\u00e2chet\u00e9\u00a0de la conscience.\u00a0\u00ab\u00a0Rojo\u00a0 parle d&rsquo;un moment\u00a0sp\u00e9cial\u00a0dans lequel se pr\u00e9pare une trag\u00e9die\u00a0\u00bb, confirme Grandinetti, au moment de recevoir le prix. On peut y lire en filigrane une\u00a0r\u00e9cup\u00e9ration\u00a0de la m\u00e9moire historique qui fait echo \u00e0 ce que\u00a0ce\u00a0pourrait nous arriver aujourd&rsquo;hui, au moment o\u00f9 le fascisme est de retour\u00a0\u00bb. Des mots forts, sans doute, qui soulignent l&rsquo;importance politique du cin\u00e9ma; cependant l&rsquo;acteur prim\u00e9 s&rsquo;est bien gard\u00e9 de nommer ces fascistes :\u00a0les\u00a0Banderistes\u00a0ukrainiens en train de d\u00e9truire les monuments d\u00e9di\u00e9s \u00e0 l&rsquo;Arm\u00e9e Rouge, les\u00a0islamo-fascistes\u00a0de\u00a0Daesh\u00a0?\u00a0Les \u00ab\u00a0populismes\u00a0\u00bb d&rsquo;Europe et des\u00a0Etats-Unis\u00a0qui effraient tellement les pouvoirs constitu\u00e9s\u202f?\u00a0Question\u00a0l\u00e9gitime\u00a0\u00e0 laquelle le laur\u00e9at n&rsquo;a pas voulu donner de\u00a0r\u00e9ponse\u00a0claire. Comme quoi, il faut faire attention \u00e0 ne pas se tromper d&rsquo;ennemi.<\/span><\/p>\n<p lang=\"it-IT\"><span style=\"color: #000000;\">La\u00a0norv\u00e9gienne\u00a0Pia\u00a0Tjelta, protagoniste de \u00ab\u00a0Blind\u00a0Spot\u00a0\u00bb a remport\u00e9 le prix de la meilleure\u00a0interpr\u00e9tation\u00a0f\u00e9minine. Le film raconte les difficult\u00e9s d&rsquo;une m\u00e8re avec sa fille en pleine crise d&rsquo;adolescence; \u00e0 cela s&rsquo;ajoute une trag\u00e9die qui frappe toute la famille. La belle\u00a0interpr\u00e9tation\u00a0de\u00a0Tjelta\u00a0est\u00a0r\u00e9ussi\u00a0a\u00a0tisser le lien entre un contexte,\u00a0plut\u00f4t\u00a0banal, l&rsquo;adolescence d&rsquo;une fille, et un\u00a0\u00e9v\u00e9nement\u00a0tragique non attendu.\u00a0L&rsquo;actrice a voulu rendre hommage \u00e0 sa\u00a0coll\u00e8gue\u00a0scandinave, la r\u00e9alisatrice\u00a0su\u00e9doise\u00a0Tuva\u00a0Novatny, \u00ab\u00a0celle qui n&rsquo;a pas seulement une vision, mais surtout une mission\u00a0\u00bb.\u00a0<\/span><\/p>\n<p lang=\"it-IT\"><span style=\"color: #000000;\">Terminons\u00a0cette chronique avec un prix, moins important peut\u00a0\u00eatre, mais qui nous interpelle parce qu&rsquo;il s&rsquo;agit d&rsquo;un \u00ab\u00a0film d&rsquo;animation pour adultes\u00a0\u00bb. Il s&rsquo;agit\u00a0de Another\u00a0Day\u00a0of\u00a0Life, un autre jour de vie, du r\u00e9alisateur espagnol Raul De la\u00a0Fuente, qui a obtenu le\u00a0prix\u00a0de la Ville de Saint-S\u00e9bastien. Une co-production hispano-belgo-germano-poonaise. En m\u00e9langeant le documentaire avec l&rsquo;animation, le film reconstitue, le portrait du journaliste et \u00e9crivain polonais\u00a0Ryszard\u00a0Kapuscinski\u00a0\u00ab\u00a0id\u00e9aliste et don Quichotte des causes perdues\u00a0\u00bb. De la\u00a0Fuente\u00a0a salu\u00e9 le fait qu&rsquo;un film d&rsquo;animation a pu obtenir la sympathie d&rsquo;un public d&rsquo;adultes&#8230;\u00a0Ind\u00e9pendamment\u00a0des habilit\u00e9s techniques de\u00a0l&rsquo;\u0153uvre\u00a0ou de son fond\u00a0enracin\u00e9\u00a0dans la mentalit\u00e9 de la guerre froide, il reste \u00e0 savoir si ce soudain \u00ab\u00a0appeal\u00a0\u00bb de l&rsquo;animation aupr\u00e8s d&rsquo;adultes, ne\u00a0r\u00e9v\u00e8le\u00a0plut\u00f4t\u00a0quelque chose de plus troublant dans nos temps troubles, l&rsquo;infantilisation des adultes d&rsquo;Europe&#8230; L\u00e0 aussi, question\u00a0l\u00e9gitime mais\u00a0r\u00e9ponse\u00a0floue.<\/span><\/p>\n","protected":false},"excerpt":{"rendered":"<p>D&rsquo;Argentine \u00e0 la Norv\u00e8ge, malgr\u00e9 les milliers de kilom\u00e8tres, les distances se raccourcissent sur le grand \u00e9cran surtout lorsqu&rsquo;il s&rsquo;agit de rendre hommage aux actrices et acteurs qui incarnent les&hellip;<\/p>\n<p class=\"more-link-p\"><a class=\"more-link\" href=\"http:\/\/www.combats-magazine.org\/fr\/festival-de-cinema-de-san-sebastien-rojo-et-blind-spot-du-nord-au-sud-les-interprtes-a-lhonneur\/\">Lire plus &rarr;<\/a><\/p>\n","protected":false},"author":3,"featured_media":0,"comment_status":"open","ping_status":"open","sticky":false,"template":"","format":"standard","meta":{"footnotes":""},"categories":[76,55,38],"tags":[672],"class_list":["post-4064","post","type-post","status-publish","format-standard","hentry","category-une","category-actualite","category-cinema-critique","tag-festival-saint-sebastien"],"_links":{"self":[{"href":"http:\/\/www.combats-magazine.org\/fr\/wp-json\/wp\/v2\/posts\/4064","targetHints":{"allow":["GET"]}}],"collection":[{"href":"http:\/\/www.combats-magazine.org\/fr\/wp-json\/wp\/v2\/posts"}],"about":[{"href":"http:\/\/www.combats-magazine.org\/fr\/wp-json\/wp\/v2\/types\/post"}],"author":[{"embeddable":true,"href":"http:\/\/www.combats-magazine.org\/fr\/wp-json\/wp\/v2\/users\/3"}],"replies":[{"embeddable":true,"href":"http:\/\/www.combats-magazine.org\/fr\/wp-json\/wp\/v2\/comments?post=4064"}],"version-history":[{"count":0,"href":"http:\/\/www.combats-magazine.org\/fr\/wp-json\/wp\/v2\/posts\/4064\/revisions"}],"wp:attachment":[{"href":"http:\/\/www.combats-magazine.org\/fr\/wp-json\/wp\/v2\/media?parent=4064"}],"wp:term":[{"taxonomy":"category","embeddable":true,"href":"http:\/\/www.combats-magazine.org\/fr\/wp-json\/wp\/v2\/categories?post=4064"},{"taxonomy":"post_tag","embeddable":true,"href":"http:\/\/www.combats-magazine.org\/fr\/wp-json\/wp\/v2\/tags?post=4064"}],"curies":[{"name":"wp","href":"https:\/\/api.w.org\/{rel}","templated":true}]}}