{"id":2138,"date":"2016-11-15T11:26:27","date_gmt":"2016-11-15T09:26:27","guid":{"rendered":"http:\/\/www.combats-magazine.org\/fr\/?p=2138"},"modified":"2016-11-15T11:26:27","modified_gmt":"2016-11-15T09:26:27","slug":"festival-de-cinema-latino-americain-de-biarritz-entre-realite-du-terrain-et-espoir","status":"publish","type":"post","link":"http:\/\/www.combats-magazine.org\/fr\/festival-de-cinema-latino-americain-de-biarritz-entre-realite-du-terrain-et-espoir\/","title":{"rendered":"Festival de cin\u00e9ma latino-am\u00e9ricain de Biarritz:  entre r\u00e9alit\u00e9 du terrain et espoir"},"content":{"rendered":"<p>&nbsp;<\/p>\n<div id=\"attachment_2139\" style=\"width: 810px\" class=\"wp-caption alignleft\"><img fetchpriority=\"high\" decoding=\"async\" aria-describedby=\"caption-attachment-2139\" class=\"size-full wp-image-2139\" src=\"http:\/\/www.combats-magazine.org\/fr\/wp-content\/uploads\/2016\/11\/sn-seb-2.jpg\" alt=\"Invierno, gagnant du prix sp\u00e9cial du jury \u00e0 San Sebastian et gagnant du prix de la meilleure interpr\u00e9tation masculine au Festival du cin\u00e9ma latino am\u00e9ricain de Biarritz.\" width=\"800\" height=\"534\" srcset=\"http:\/\/www.combats-magazine.org\/fr\/wp-content\/uploads\/2016\/11\/sn-seb-2.jpg 800w, http:\/\/www.combats-magazine.org\/fr\/wp-content\/uploads\/2016\/11\/sn-seb-2-300x200.jpg 300w, http:\/\/www.combats-magazine.org\/fr\/wp-content\/uploads\/2016\/11\/sn-seb-2-768x513.jpg 768w, http:\/\/www.combats-magazine.org\/fr\/wp-content\/uploads\/2016\/11\/sn-seb-2-560x374.jpg 560w, http:\/\/www.combats-magazine.org\/fr\/wp-content\/uploads\/2016\/11\/sn-seb-2-260x174.jpg 260w, http:\/\/www.combats-magazine.org\/fr\/wp-content\/uploads\/2016\/11\/sn-seb-2-160x107.jpg 160w\" sizes=\"(max-width: 800px) 100vw, 800px\" \/><p id=\"caption-attachment-2139\" class=\"wp-caption-text\">Invierno, gagnant du prix sp\u00e9cial du jury \u00e0 San Sebastian et gagnant du prix de la meilleure interpr\u00e9tation masculine au Festival du cin\u00e9ma latino am\u00e9ricain de Biarritz.<\/p><\/div>\n<p><span style=\"color: #000000;\">Le prix du public de cette 25e\u00a0 Festival, \u00e0 avoir le film \u00e9lu par les spectateurs, est all\u00e9 \u00e0 \u00ab\u00a0El Amparo\u00a0\u00bb qui se traduit par <em>L&rsquo;a<\/em>bri. Mais dans cette coproduction entre V\u00e9n\u00e9zuela et Colombie, sign\u00e9 par Rober Calzadilla se r\u00e9f\u00e8re \u00e0 un lieu sp\u00e9cifique sur les territoire frontalier entre les deux pays qui avait \u00e9t\u00e9 marqu\u00e9 par un atroce &lsquo;erreur&rsquo; de la part de l&rsquo;arm\u00e9e de Caracas\u00a0: le massacre de 14 p\u00eacheurs v\u00e9n\u00e9zueliens, qui avaient \u00e9t\u00e9 confondus par des gu\u00e9rilleros colombiens.\u00a0 Cette bavure tragique\u00a0 qui avait fait scandale \u00e0 l&rsquo;\u00e9poque, nous sommes en 1988 bien avant l&rsquo;arriv\u00e9 au pouvoir d&rsquo;Hugo Chavez, est bien rendue dans ce film. Deux hommes survivent au massacre et\u00a0 sous la\u00a0\u00a0 pression politique et sociale s&rsquo;auto-accusent d&rsquo;avoir \u00e9t\u00e9 des insurg\u00e9s pour blanchir\u00a0 l&rsquo;arm\u00e9e.<\/span><\/p>\n<p><span style=\"color: #000000;\">Le film met en \u00e9vidence la solidarit\u00e9 du village de fronti\u00e8re dans le bras de fer avec les autorit\u00e9s militaires, et\u00a0 d&rsquo;autre part, souligne peut \u00eatre sans se rendre compte, un fait qui risque de passer inaper\u00e7u aux yeux d&rsquo;un public ignorant de la r\u00e9alit\u00e9 du terrain\u00a0: le caract\u00e8re artificiel des fronti\u00e8res de plusieurs pays d&rsquo;Am\u00e9rique latine\u00a0 qui\u00a0 se r\u00e9percut\u00e9\u00a0 tant au niveau culturel que social. En fait, dans ce cas pr\u00e9cis, le long de la fronti\u00e8re du fleuve Arauca, affluent de l&rsquo;Orinoco, les populations sont les m\u00eames et le fait d&rsquo;\u00eatre citoyen d&rsquo;un gouvernement si\u00e9geant \u00e0 Caracas ou \u00e0 Bogot\u00e1 d\u00e9pend uniquement d&rsquo;\u00eatre n\u00e9 d&rsquo;un c\u00f4t\u00e9 ou de l&rsquo;autre du fleuve. Il est clair que cette observation ne veut pas justifier l&rsquo;erreur mortelle de l&rsquo;arm\u00e9e v\u00e9n\u00e9zu\u00e9lienne en 1988, mais entend signaler que\u00a0 cette guerre civile, longue d&rsquo;un demi-si\u00e8cle, devrait \u00eatre consid\u00e9r\u00e9 comme un conflit r\u00e9gional\u00a0 et non\u00a0 simplement\u00a0 d&rsquo;ordre national. <\/span><\/p>\n<p><span style=\"color: #000000;\">Le court-m\u00e9trage \u00ab\u00a0El Ed\u00e9n\u00a0\u00bb du colombien Andr\u00e9s Ramirez Pulido a remport\u00e9 la comp\u00e9tition dans cette cat\u00e9gorie. Il s&rsquo;agit d&rsquo;une courte histoire d&rsquo;une incursion de la part de deux jeunes dans une station thermale abandonn\u00e9e qui se transforme en\u00a0 assassinat du gardien. Le choix du nom de la station n&rsquo;est peut \u00eatre pas anodin et d\u00e9montre comment un \u00e9den comme la Colombie est impr\u00e9gn\u00e9e de violence.<\/span><\/p>\n<p><span style=\"color: #000000;\">Le premier prix, (abrazo ou accolade), du meilleur documentaire a r\u00e9compens\u00e9 un petit bijou colombien dirig\u00e9 par un l&rsquo;uruguayen, Emiliano Mazza De Luca. \u00ab\u00a0Nueva Venecia\u00a0\u00bb, De Luca raconte l&rsquo;histoire vraie\u00a0 d&rsquo;une communaut\u00e9 de p\u00eacheurs qui reviennent\u00a0\u00a0 dans leur village natal\u00a0 (son nom, Nouvelle Venise, origine\u00a0 du fait qu&rsquo;il est construit sur des pilotis d&rsquo;une lagune sur la c\u00f4te carib\u00e9enne)\u00a0 apr\u00e8s avoir \u00e9t\u00e9 chass\u00e9s par des escadrons de la mort paramilitaires. A leu\u00a0 retour, ils d\u00e9cident de construire un terrain de football sur des pilotis. L&rsquo;histoire est vraie mais aussi hautement symbolique ; elle exemplifie\u00a0 l&rsquo;espoir\u00a0 de vouloir tourner la page\u00a0 dans la foul\u00e9e des n\u00e9gociations de paix ;\u00a0 \u00abLe\u00a0 terrain de foot construit sur l&rsquo;eau\u00a0\u00bb est clairement un aphorisme pour une nouvelle Colombie en paix.<\/span><\/p>\n<p><span style=\"color: #000000;\">Un film qui prend d&rsquo;autant plus valeur de symbole \u00e0 l&rsquo;heure o\u00f9 nous savons que par choix r\u00e9f\u00e9rendaire les accords de paix ont \u00e9t\u00e9 refus\u00e9. Sachant bien que r\u00e9trospectivement tout para\u00eet \u00e9vident, nous voulons quand m\u00eame souligner que dans la r\u00e9alit\u00e9 Nueva Venecia est effectivement un reflet en microcosme du grand pays dont ce village fait partie. Si d&rsquo;une part tout les efforts sont faits pour changer de cap et tourner la page sur la guerre, de l&rsquo;autre la r\u00e9alit\u00e9 indique que le chemin de la paix est h\u00e9las plus long et tortueux dans la r\u00e9alit\u00e9 du terrain. En fait, les habitants de Nouvelle Venise continuent \u00e0 avoir des probl\u00e8mes parce que les latifundiaires locaux ont coup\u00e9 avec des barrages trois des quatre rivi\u00e8res qui alimentent la lagune en question, mettant en danger l&rsquo;\u00e9quilibre \u00e9cologique de salinit\u00e9 des eaux n\u00e9cessaire pour la reproduction des esp\u00e8ces de poissons qui constituent la base \u00e9conomique des p\u00eacheurs.<\/span><\/p>\n<p><span style=\"color: #000000;\">Terminons cette chronique par un coup de chapeau \u00e0 un documentaire br\u00e9silien sign\u00e9 de Eryk Rocha\u00a0 encore tout aur\u00e9ol\u00e9 du succ\u00e8s \u00e0 Cannes. \u00ab\u00a0Cinema Novo\u00a0\u00bb est un documentaire qui explore po\u00e9tiquement le cin\u00e9ma br\u00e9silien des grands ma\u00eetres tels, entre autres, Pereira Dos Santos, Glauber Rocha, Hirszman, de Andrade, Guerra, Lima et Saraceni. Eryk Rocha a voulu engager \u00ab\u00a0un dialogue entre g\u00e9n\u00e9rations\u00a0\u00bb pour \u00e9tablir un langage filmique nouveau permettant aux Br\u00e9siliens de se confronter avec le nouveau moment historique. Les mots d&rsquo;Eryk Rocha interpellent dans ce moment pr\u00e9cis de l&rsquo;histoire de son pays o\u00f9 un coup-d&rsquo;\u00e9tat politique a mis fin \u00e0 une saison politique progressiste. Si \u00ab\u00a0Cinema Novo\u00a0\u00bb est effectivement \u00ab\u00a0une arch\u00e9ologie de la m\u00e9moire permettant d&rsquo;engager une construction future\u00a0\u00bb. L\u2019\u0153uvre de Eryk Rocha ne doit pas \u00eatre per\u00e7u comme une hommage nostalgique \u00e0 une enti\u00e8re g\u00e9n\u00e9ration de cin\u00e9astes, mais un programme de combat culturel.<\/span><\/p>\n<p>&nbsp;<\/p>\n<p>&nbsp;<\/p>\n","protected":false},"excerpt":{"rendered":"<p>&nbsp; Le prix du public de cette 25e\u00a0 Festival, \u00e0 avoir le film \u00e9lu par les spectateurs, est all\u00e9 \u00e0 \u00ab\u00a0El Amparo\u00a0\u00bb qui se traduit par L&rsquo;abri. Mais dans cette&hellip;<\/p>\n<p class=\"more-link-p\"><a class=\"more-link\" href=\"http:\/\/www.combats-magazine.org\/fr\/festival-de-cinema-latino-americain-de-biarritz-entre-realite-du-terrain-et-espoir\/\">Lire plus &rarr;<\/a><\/p>\n","protected":false},"author":3,"featured_media":0,"comment_status":"open","ping_status":"open","sticky":false,"template":"","format":"standard","meta":{"footnotes":""},"categories":[44,38],"tags":[606,80,607],"class_list":["post-2138","post","type-post","status-publish","format-standard","hentry","category-billet","category-cinema-critique","tag-cinema-latino-americian-de-biarritz","tag-diversite-culturelle","tag-el-eden"],"_links":{"self":[{"href":"http:\/\/www.combats-magazine.org\/fr\/wp-json\/wp\/v2\/posts\/2138","targetHints":{"allow":["GET"]}}],"collection":[{"href":"http:\/\/www.combats-magazine.org\/fr\/wp-json\/wp\/v2\/posts"}],"about":[{"href":"http:\/\/www.combats-magazine.org\/fr\/wp-json\/wp\/v2\/types\/post"}],"author":[{"embeddable":true,"href":"http:\/\/www.combats-magazine.org\/fr\/wp-json\/wp\/v2\/users\/3"}],"replies":[{"embeddable":true,"href":"http:\/\/www.combats-magazine.org\/fr\/wp-json\/wp\/v2\/comments?post=2138"}],"version-history":[{"count":0,"href":"http:\/\/www.combats-magazine.org\/fr\/wp-json\/wp\/v2\/posts\/2138\/revisions"}],"wp:attachment":[{"href":"http:\/\/www.combats-magazine.org\/fr\/wp-json\/wp\/v2\/media?parent=2138"}],"wp:term":[{"taxonomy":"category","embeddable":true,"href":"http:\/\/www.combats-magazine.org\/fr\/wp-json\/wp\/v2\/categories?post=2138"},{"taxonomy":"post_tag","embeddable":true,"href":"http:\/\/www.combats-magazine.org\/fr\/wp-json\/wp\/v2\/tags?post=2138"}],"curies":[{"name":"wp","href":"https:\/\/api.w.org\/{rel}","templated":true}]}}