{"id":2017,"date":"2016-05-30T17:40:12","date_gmt":"2016-05-30T15:40:12","guid":{"rendered":"http:\/\/www.combats-magazine.org\/fr\/?p=2017"},"modified":"2024-03-23T13:14:37","modified_gmt":"2024-03-23T11:14:37","slug":"nuits-des-arts-et-des-monde","status":"publish","type":"post","link":"http:\/\/www.combats-magazine.org\/fr\/nuits-des-arts-et-des-monde\/","title":{"rendered":"Nuits des arts et des mondes"},"content":{"rendered":"<p style=\"text-align: center;\"><iframe src=\"https:\/\/www.youtube.com\/embed\/vIVy8UdybYM?list=PL_WAsbZtWwIzQmhN6b-jr8bMhHlzxgH_w\" width=\"560\" height=\"315\" frameborder=\"0\" allowfullscreen=\"allowfullscreen\"><\/iframe><\/p>\n<p style=\"text-align: justify;\">A l\u2019occasion du Festival \u00ab\u00a0La Nuit des Arts et des Mondes\u00a0\u00bb, l&rsquo;ODC a re\u00e7u dans ses locaux les organisateurs du festival, en la personne de Laura Petrache et Yannick Le Guern, qui reviennent sur cette 3\u00e8me \u00e9dition et sur les pr\u00e9c\u00e9dentes.<\/p>\n<p style=\"text-align: justify;\">La 3\u00e8me \u00e9dition de \u00ab La Nuit des Voyages aux bouts des Arts et des Mondes \u00bb, festival des Arts et de l\u2019Interculturalit\u00e9 cr\u00e9\u00e9 en 2007, et port\u00e9e par l\u2019Association Arts-Mondes-Cultures, se d\u00e9roulera du 21 mai au 14 juin \u00e0 Pantin dans le petit Brooklyn &#8211; 21\u00e8me district. Le festival a, cette ann\u00e9e, pour th\u00e8me : \u00ab UNI(S)VERS LE RENOUVEAU \u00bb. Il est plac\u00e9 sous le patronage de la Commission Nationale Fran\u00e7aise pour l\u2019UNESCO, de la Commission Nationale Roumaine pour l\u2019UNESCO, du Mona Bismarck American Center et b\u00e9n\u00e9ficie du soutien de la Ville de Pantin.<\/p>\n<p style=\"text-align: justify;\">De nombreux continents et pays sont repr\u00e9sent\u00e9s lors de la Nuit des Voyages aux bouts des Arts et des Mondes. Pour l\u2019\u00e9dition 2016, 3 pays sont particuli\u00e8rement mis \u00e0 l\u2019honneur, la Roumanie, les Etats-Unis et la France, unis dans leurs fondements par l\u2019Esprit des Lumi\u00e8res, l\u2019expression de la libert\u00e9 et le d\u00e9sir de b\u00e2tir un monde meilleur.<\/p>\n<p style=\"text-align: justify;\"><strong>Nous participerons le jeudi 9 juin \u00e0 la conf\u00e9rence \u00ab\u00a0Uni(s)vers le renouveau Diversit\u00e9, Interculturalit\u00e9 et projet commun de soci\u00e9t\u00e9\u00a0\u00bb\u00a0de\u00a016h \u00e0 17h.<\/strong><\/p>\n","protected":false},"excerpt":{"rendered":"<p>A l\u2019occasion du Festival \u00ab\u00a0La Nuit des Arts et des Mondes\u00a0\u00bb, l&rsquo;ODC a re\u00e7u dans ses locaux les organisateurs du festival, en la personne de Laura Petrache et Yannick Le&hellip;<\/p>\n<p class=\"more-link-p\"><a class=\"more-link\" href=\"http:\/\/www.combats-magazine.org\/fr\/nuits-des-arts-et-des-monde\/\">Lire plus &rarr;<\/a><\/p>\n","protected":false},"author":4,"featured_media":2018,"comment_status":"open","ping_status":"open","sticky":true,"template":"","format":"standard","meta":{"footnotes":""},"categories":[485,55],"tags":[],"class_list":["post-2017","post","type-post","status-publish","format-standard","has-post-thumbnail","hentry","category-acteurs-de-la-diversite-culturelle-2","category-actualite"],"_links":{"self":[{"href":"http:\/\/www.combats-magazine.org\/fr\/wp-json\/wp\/v2\/posts\/2017","targetHints":{"allow":["GET"]}}],"collection":[{"href":"http:\/\/www.combats-magazine.org\/fr\/wp-json\/wp\/v2\/posts"}],"about":[{"href":"http:\/\/www.combats-magazine.org\/fr\/wp-json\/wp\/v2\/types\/post"}],"author":[{"embeddable":true,"href":"http:\/\/www.combats-magazine.org\/fr\/wp-json\/wp\/v2\/users\/4"}],"replies":[{"embeddable":true,"href":"http:\/\/www.combats-magazine.org\/fr\/wp-json\/wp\/v2\/comments?post=2017"}],"version-history":[{"count":0,"href":"http:\/\/www.combats-magazine.org\/fr\/wp-json\/wp\/v2\/posts\/2017\/revisions"}],"wp:featuredmedia":[{"embeddable":true,"href":"http:\/\/www.combats-magazine.org\/fr\/wp-json\/wp\/v2\/media\/2018"}],"wp:attachment":[{"href":"http:\/\/www.combats-magazine.org\/fr\/wp-json\/wp\/v2\/media?parent=2017"}],"wp:term":[{"taxonomy":"category","embeddable":true,"href":"http:\/\/www.combats-magazine.org\/fr\/wp-json\/wp\/v2\/categories?post=2017"},{"taxonomy":"post_tag","embeddable":true,"href":"http:\/\/www.combats-magazine.org\/fr\/wp-json\/wp\/v2\/tags?post=2017"}],"curies":[{"name":"wp","href":"https:\/\/api.w.org\/{rel}","templated":true}]}}