{"id":1997,"date":"2016-05-25T10:29:16","date_gmt":"2016-05-25T08:29:16","guid":{"rendered":"http:\/\/www.combats-magazine.org\/fr\/?p=1997"},"modified":"2024-03-23T13:14:38","modified_gmt":"2024-03-23T11:14:38","slug":"rennes-au-pluriel","status":"publish","type":"post","link":"http:\/\/www.combats-magazine.org\/fr\/rennes-au-pluriel\/","title":{"rendered":"La diversit\u00e9 culturelle \u00e0 l&rsquo;\u00e9preuve des r\u00e9gions"},"content":{"rendered":"<p align=\"justify\"><span style=\"color: #000000;\"><span lang=\"fr-FR\"><img fetchpriority=\"high\" decoding=\"async\" class=\"alignleft size-full wp-image-2003\" src=\"http:\/\/www.combats-magazine.org\/fr\/wp-content\/uploads\/2016\/05\/vlcsnap-2016-05-25-09h53m08s765-e1464291517740.png\" alt=\"vlcsnap-2016-05-25-09h53m08s765\" width=\"800\" height=\"450\" \/><\/span><\/span><\/p>\n<p align=\"justify\"><span style=\"color: #000000;\"><span lang=\"fr-FR\">La loi NOTRe sur la r\u00e9forme des R\u00e9gions favorisera-t-elle l&rsquo;av\u00e8nement d&rsquo;une politique publique de la diversit\u00e9 culturelle\u00a0? C&rsquo;est une des questions-cl\u00e9s soulev\u00e9e \u00e0 Rennes le 11 mai dernier lors du colloque th\u00e9matique organis\u00e9 par l&rsquo;ODC, Cha&rsquo;red et Les amis de l&rsquo;Alg\u00e9rie dans le cadre du programme \u00abRennes au pluriel\u00bb. Cette manifestation s&rsquo;est d\u00e9roul\u00e9e dans la salle multim\u00e9dia du quotidien <\/span><span lang=\"fr-FR\">Ouest France <\/span><span lang=\"fr-FR\">et<\/span><span lang=\"fr-FR\"> a r\u00e9uni une quarantaine de participants dont plusieurs \u00e9lus de la m\u00e9tropole rennaise et des environs.<\/span><\/span><\/p>\n<p align=\"justify\"><span style=\"color: #000000;\"><span lang=\"fr-FR\">Les droits culturels inscrits dans l&rsquo;article 103<\/span><span lang=\"fr-FR\"> de cette loi <\/span><span lang=\"fr-FR\">peuvent-ils en effet servir de trait d&rsquo;union entre les identit\u00e9s r\u00e9gionales et celles issues de l&rsquo;immigration pour r\u00e9affirmer les r\u00e9gions fran\u00e7aises au sein de l\u2019\u00c9tat, dans le grand ensemble europ\u00e9en et<\/span> <span lang=\"fr-FR\">au sein de la<\/span><span lang=\"fr-FR\"> mondialisation\u00a0? Et si oui, <\/span><span lang=\"fr-FR\">quelle interpr\u00e9tation<\/span><span lang=\"fr-FR\"> en donner\u00a0? Ces interrogations, qui n&rsquo;\u00e9taient pas sans \u00e9voquer le d\u00e9licat \u00e9quilibre multis\u00e9culaire entre pouvoir central et pouvoir r\u00e9gional, \u00e9taient en filigrane dans les discussions qui se sont d\u00e9roul\u00e9es tout au long de cette journ\u00e9e passionnante et qui<\/span><span lang=\"fr-FR\"> ont abord\u00e9 <\/span><span lang=\"fr-FR\">autant les singularit\u00e9s culturelles et linguistiques que la formation professionnelle, le d\u00e9veloppement \u00e9conomique et l&rsquo;espace de d\u00e9bat civique.<\/span><\/span><\/p>\n<p align=\"justify\"><span style=\"color: #000000;\">Quatre moments ont scand\u00e9 cette journ\u00e9e. La premi\u00e8re table ronde a \u00e9t\u00e9 consacr\u00e9e aux notions qui balisent ce nouveau p\u00e9rim\u00e8tre g\u00e9opolitique que constitue la diversit\u00e9 culturelle. Kalli Giannelos, de la Commission fran\u00e7aise de l&rsquo;UNESCO, a d&rsquo;abord situ\u00e9 les significations et enjeux du concept de diversit\u00e9 culturelle \u00e0 travers la Convention de 2005 de l\u2019UNESCO, du point de vue de son histoire. Son intervention a \u00e9galement port\u00e9 sur les leviers d\u2019actions pour le rapprochement des cultures, \u00e0 la confluence des politiques culturelles institutionnelles et des initiatives de la soci\u00e9t\u00e9 civile.<\/span><\/p>\n<p align=\"justify\"><span style=\"color: #000000;\"><span lang=\"fr-FR\">Pour sa part, Fulvio Caccia, \u00e9crivain et directeur de l&rsquo;ODC, a rappel\u00e9 que la d\u00e9clinaison dans le droit fran\u00e7ais de la Convention de l&rsquo;UNESCO de 2005 s&rsquo;est faite dans la Loi NOTRe, en permettant \u00e0 chaque citoyen d&rsquo;\u00eatre un acteur de la culture qu&rsquo;il veut privil\u00e9gier. <\/span><span lang=\"fr-FR\">Ces droits culturels<\/span><span lang=\"fr-FR\"> s&rsquo;appuient sur deux axes : la libert\u00e9 d&rsquo;expression et les conditions rassembl\u00e9es pour permettre \u00e0 cette libert\u00e9 de s&rsquo;exprimer. <\/span><span lang=\"fr-FR\">Le premier participe de l&rsquo;art.<\/span><span lang=\"fr-FR\"> Le second renvoie \u00e0 la culture c&rsquo;est-\u00e0-dire \u00e0 l&rsquo;\u00e9ducation qui la sous-tend et au domaine public. Car elle r\u00e9sulte du croisement et de la comparaison avec d&rsquo;autres cultures que la n\u00f4tre. Cette perspective implique l&rsquo;engagement de sa propre identit\u00e9 et non simplement la consommation de produits culturels.<\/span><\/span><\/p>\n<p align=\"justify\"><span style=\"color: #000000;\">Une politique authentique de la diversit\u00e9 culturelle permettrait de d\u00e9passer les in\u00e9galit\u00e9s induites par l&rsquo;ultralib\u00e9ralisme et les limites de l&rsquo;\u00e9tatisme en faisant de l&rsquo;\u00e9ducation tout au long de la vie, la pierre de touche d&rsquo;une d\u00e9mocratie renouvel\u00e9e.<\/span><\/p>\n<p align=\"justify\"><span style=\"color: #000000;\">Enfin A\u00eft Abdelmalek, professeur en sociologie, Universit\u00e9 de Rennes II, a \u00e9voqu\u00e9 les principes recteurs qui doivent gouverner selon lui une politique de la diversit\u00e9 culturelle, principes que l&rsquo;on retrouve dans la D\u00e9claration des droits de l&rsquo;homme.<\/span><\/p>\n<p align=\"justify\"><span style=\"color: #000000;\">Cette table ronde mod\u00e9r\u00e9e par Toufik Hedna, pr\u00e9sident des Amis de l&rsquo;Alg\u00e9rie, s&rsquo;est poursuivie par une discussion sur les singularit\u00e9s de la Bretagne \u00e0 laquelle ont particip\u00e9 deux \u00e9lus municipaux, Beno\u00eet Careil, maire adjoint d\u00e9l\u00e9gu\u00e9 \u00e0 la culture (Rennes) et Yann Syz, maire adjoint d\u00e9l\u00e9gu\u00e9 \u00e0 la jeunesse de Lorient. L&rsquo;un et l&rsquo;autre ont rappel\u00e9 les dispositifs d\u00e9j\u00e0 mis en acte pour rendre compte de la diversit\u00e9 culturelle au sein de leur municipalit\u00e9. La nouvelle r\u00e9forme du coll\u00e8ge serait \u00e0 cet \u00e9gard une opportunit\u00e9 car elle lib\u00e8re du temps scolaire pour une meilleure connaissance de la diversit\u00e9 historique qui fonde la culture fran\u00e7aise contemporaine.<\/span><\/p>\n<p align=\"justify\"><span style=\"color: #000000;\">La survie de la langue bretonne a bien s\u00fbr \u00e9t\u00e9 \u00e9voqu\u00e9e au moment des questions. Monsieur Syz, issu de la mouvance autonomiste, a rappel\u00e9 qu&rsquo;au lieu de cliver l&rsquo;identit\u00e9 fran\u00e7aise sur ses diff\u00e9rences et renvoyer \u00e0 un repli r\u00e9gional de funeste m\u00e9moire, l&rsquo;apprentissage bien compris du breton est au contraire un atout politique et une opportunit\u00e9 \u00e9conomique qui permettrait de cr\u00e9er un march\u00e9 r\u00e9gional autour de la langue et des ses d\u00e9clinaisons, une r\u00e9elle valeur ajout\u00e9e pour le r\u00e9gion Bretagne. Quant au mod\u00e9rateur, G\u00e9rard Pr\u00e9mel, il a \u00e9voqu\u00e9 la n\u00e9cessit\u00e9 de pouvoir saisir l&rsquo;occasion d&rsquo;une r\u00e9flexion en profondeur sur ce th\u00e8me.<\/span><\/p>\n<p align=\"justify\"><span style=\"color: #000000;\"><span lang=\"fr-FR\">L&rsquo;interm\u00e8de de la pause d\u00e9jeuner a \u00e9t\u00e9 assur\u00e9 par Natacha <\/span><span lang=\"fr-FR\">Jeunesemiril,<\/span><span lang=\"fr-FR\"> une conteuse ha\u00eftienne qui a jou\u00e9 un extrait d&rsquo;un conte ha\u00eftien qu&rsquo;elle interpr\u00e8te sur la sc\u00e8ne rennaise.<\/span><\/span><\/p>\n<p align=\"justify\"><span style=\"color: #000000;\">L&rsquo;apr\u00e8s-midi s&rsquo;est poursuivi autour de l&rsquo;Europe, la diversit\u00e9 culturelle et les r\u00e9gions. L&rsquo;Europe a souvent \u00e9t\u00e9 vue comme une chance pour les r\u00e9gions, n\u00e9cessaire contrepoids \u00e0 l\u2019\u00c9tat. Y a-t-il et peut-il y avoir une culture r\u00e9gionale affirm\u00e9e en phase avec l&rsquo;expression de la diversit\u00e9 culturelle d\u00e9fendue par l&rsquo;Union Europ\u00e9enne ? Quelle place pour l&rsquo;expression des cultures r\u00e9gionales au sein de l&rsquo;Europe ?<\/span><\/p>\n<p align=\"justify\"><span style=\"color: #000000;\"><span lang=\"fr-FR\">Cette table ronde anim\u00e9e par Thibaud Willette, pr\u00e9sident de l&rsquo;ODC, a permis de mettre en parall\u00e8le deux exp\u00e9riences r\u00e9gionales diff\u00e9rentes mais compl\u00e9mentaires. D&rsquo;abord Myl\u00e8ne Laurant, attach\u00e9e principale, Relations internationales et suivi des directives Europ\u00e9ennes, Francophonie Bruxelles, a expliqu\u00e9 l&rsquo;intrication des divers niveaux interr\u00e9gionaux sur le territoire belge ainsi que le transfert de comp\u00e9tences d\u00e9coulant des r\u00e9formes constitutionnelles. Prenant exemple sur la <\/span><span lang=\"fr-FR\">Commission communautaire fran\u00e7aise, limit\u00e9e aux 19 communes, elle s&rsquo;est interrog\u00e9e sur l\u2019\u00e9mergence d&rsquo;entit\u00e9s infra-\u00e9tatiques sur la sc\u00e8ne internationale. Ce qui fait de la Belgique un \u00e9<\/span><span lang=\"fr-FR\">tat postonational et sa capitale, Bruxelles, une entit\u00e9 g\u00e9opolitique \u00e0 part.<\/span><\/span><\/p>\n<p align=\"justify\"><span style=\"color: #000000;\"><span lang=\"fr-FR\">Robert Scarcia, journaliste ind\u00e9pendant<\/span><span lang=\"fr-FR\">,<\/span><span lang=\"fr-FR\"> a choisi d&rsquo;aborder la singularit\u00e9 du Pays Basque de France sous deux angles. D&rsquo;une part, la composition d&rsquo;une intercommunalit\u00e9 (ECPI) compos\u00e9e par toutes les communes des trois r\u00e9gions basques historiques du Labourd, Basse Navarre et Pays de Soule \u00e0 l\u2019int\u00e9rieur de la nouvelle r\u00e9gion Aquitaine-Limousin-Poitou-Charente. Cette nouvelle intercommunalit\u00e9 permet au Pays Basque de se positionner \u00e0 l&rsquo;int\u00e9rieur de cette super-r\u00e9gion <\/span><span lang=\"fr-FR\">nouvellement<\/span><span lang=\"fr-FR\"> form\u00e9e. Un contre-poids bienvenu qui fait de cette ECPI de la taille d\u00e9mographique du Danemark et au p\u00e9rim\u00e8tre g\u00e9ographique de l&rsquo;Autriche, de devenir le second bassin de population apr\u00e8s Bordeaux.<\/span><\/span><\/p>\n<p align=\"justify\"><span style=\"color: #000000;\">Mais les pr\u00e9misses se trouvent dans l&rsquo;exp\u00e9rience de coop\u00e9ration transfrontali\u00e8re qui depuis la fin des ann\u00e9es 90, se d\u00e9ploie sous le nom de Consortium Transfrontalier Bidassoa-Txingudi, une entit\u00e9 qui unit les communes d&rsquo;Hendaye et les villes espagnoles d&rsquo;Irun et Fontarabie. La sp\u00e9cificit\u00e9 de cette forte culture r\u00e9gionale partag\u00e9e entre deux \u00e9tats peut \u00eatre un exemple pour l&rsquo;Europe.<\/span><\/p>\n<p align=\"justify\"><span style=\"color: #000000;\"><span lang=\"fr-FR\">Jeanne-Fran\u00e7oise Hutin a continu\u00e9 dans la foul\u00e9e en citant Claude Monnet qui aurait affirm\u00e9 que \u00ab\u00a0si c&rsquo;\u00e9tait \u00e0 recommencer, je commencerais par la culture\u00a0\u00bb. La pr\u00e9sidente et fondatrice de la Maison de l&rsquo;Europe de Rennes et de Haute-Bretagne a rappel\u00e9 que le ciment de l&rsquo;Europe r\u00e9side dans cette vieille tradition humaniste qui a finalement r\u00e9ussi \u00e0 pacifier son <\/span><span lang=\"fr-FR\">territoire<\/span><span lang=\"fr-FR\">. La culture aujourd\u2019hui n&rsquo;est plus l&rsquo;\u00e9l\u00e9ment clivant qui attise les nationalismes et les diff\u00e9rences, mais bien un pont jet\u00e9 au-dessus des nations pour qu&rsquo;une communaut\u00e9 de destins puisse persister et prosp\u00e9rer \u00e0 l&rsquo;\u00e9chelle europ\u00e9enne. Ce vibrant plaidoyer de madame Hutin, qui a v\u00e9cu les affres de la seconde guerre, a conclu cette table.<\/span><\/span><\/p>\n<p align=\"justify\"><span style=\"color: #000000;\"><span lang=\"fr-FR\">Enfin, last but not least, les artistes. <\/span><span lang=\"fr-FR\">Quelle place ont-ils dans la culture de leur r\u00e9gion\u00a0?<\/span><span lang=\"fr-FR\"> Doivent-ils \u00ab\u00a0s&rsquo;expatrier\u00a0\u00bb dans la m\u00e9tropole ou la capitale pour obtenir reconnaissance et l\u00e9gitimit\u00e9\u00a0? Yvon Le Men, po\u00e8te breton, auteur de <\/span><em><span lang=\"fr-FR\">Les rumeurs de Babel<\/span><\/em><span lang=\"fr-FR\"> et d&rsquo;une quarantaine d&rsquo;ouvrages, en est le vivant contre-exemple. Invit\u00e9 \u00e0 d\u00e9finir la singularit\u00e9 bretonne, le po\u00e8te s&rsquo;en est bien d\u00e9fendu en \u00e9voquant la grande tradition po\u00e9tique fran\u00e7aise qui fait de la langue m\u00eame la patrie et le lieu d\u2019exp\u00e9rimentation du po\u00e8te. Et pour lui ce fut et demeure le fran\u00e7ais. Ceci \u00e9tant, le responsable de la po\u00e9sie du festival <\/span><em><span lang=\"fr-FR\">\u00c9tonnants voyageurs<\/span><\/em><span lang=\"fr-FR\"> a ensuite insist\u00e9 sur l&rsquo;importance de garder l&rsquo;aventure ouverte sur l&rsquo;universel que ce soit aupr\u00e8s des po\u00e8tes du monde ou dans les quartiers populaire comme celui de Maurepas de Rennes o\u00f9 il a donn\u00e9 la parole aux habitants qui venaient des quatre coins du monde. <\/span><\/span><\/p>\n<p align=\"justify\"><span style=\"color: #000000;\">C&rsquo;est au titre de musicologue que Kalli Giannelos est intervenue cette fois en \u00e9clairant l\u2019application du concept de diversit\u00e9 culturelle dans l\u2019univers musical et les diff\u00e9rents angles d\u2019approche qui en r\u00e9sultent. \u00c0 plusieurs \u00e9gards, la musique est un domaine qui illustre de fa\u00e7on paradigmatique la profondeur de la signification du terme \u00ab\u00a0tradition\u00a0\u00bb et des questions d\u2019identit\u00e9 culturelle qui y sont reli\u00e9es.<\/span><\/p>\n<p align=\"justify\"><span style=\"color: #000000;\"><span lang=\"fr-FR\">Enfin Simon Pinel, directeur \u00e9ditorial des \u00e9ditions <\/span><span lang=\"fr-FR\">Critic <\/span><span lang=\"fr-FR\">de Rennes a pr\u00e9sent\u00e9 sa jeune maison d&rsquo;\u00e9dition et les diverses collections qui la composent. D&rsquo;abord librairie fond\u00e9e en 2000, Critic s&rsquo;est lanc\u00e9 dans l\u2019\u00e9dition en octobre 2009. Il propose des romans\u00a0d\u2019auteurs fran\u00e7ais \u00e0 raison de 8 \u00e0 12 titres par an sur tout sp\u00e9cialis\u00e9 dans la fantasy, la science-fiction, le fantastique ou le policier. Pourquoi la fantasy en particulier ? Parce que dans une certaine mesure <\/span><span lang=\"fr-FR\">ce genre et sa variante qui lui est ant\u00e9rieure, le merveilleux, sont depuis toujours pr\u00e9sents dans <\/span><span lang=\"fr-FR\">l&rsquo;imaginaire de la repr\u00e9sentation bretonne,de Merlin l&rsquo;enchanteur \u00e0 la for\u00eat de Broceliandre&#8230;a expliqu\u00e9 pour sa part Yvon le Men. <\/span><\/span><\/p>\n<p align=\"justify\"><span style=\"color: #000000;\">Voila qui ne pouvait pas mieux conclure cette rencontre organis\u00e9e en collaboration avec Ouest-France et la librairie Le Failler, et avec l&rsquo;appui de la Commission fran\u00e7aise de l\u2019UNESCO et de Rennes M\u00e9tropole dans le cadre de \u00ab\u00a0Rennes au Pluriel\u00a0\u00bb.<\/span><\/p>\n<p>&nbsp;<\/p>\n","protected":false},"excerpt":{"rendered":"<p>La loi NOTRe sur la r\u00e9forme des R\u00e9gions favorisera-t-elle l&rsquo;av\u00e8nement d&rsquo;une politique publique de la diversit\u00e9 culturelle\u00a0? C&rsquo;est une des questions-cl\u00e9s soulev\u00e9e \u00e0 Rennes le 11 mai dernier lors du&hellip;<\/p>\n<p class=\"more-link-p\"><a class=\"more-link\" href=\"http:\/\/www.combats-magazine.org\/fr\/rennes-au-pluriel\/\">Lire plus &rarr;<\/a><\/p>\n","protected":false},"author":4,"featured_media":2003,"comment_status":"open","ping_status":"open","sticky":false,"template":"","format":"standard","meta":{"footnotes":""},"categories":[55,35],"tags":[],"class_list":["post-1997","post","type-post","status-publish","format-standard","has-post-thumbnail","hentry","category-actualite","category-debats"],"_links":{"self":[{"href":"http:\/\/www.combats-magazine.org\/fr\/wp-json\/wp\/v2\/posts\/1997","targetHints":{"allow":["GET"]}}],"collection":[{"href":"http:\/\/www.combats-magazine.org\/fr\/wp-json\/wp\/v2\/posts"}],"about":[{"href":"http:\/\/www.combats-magazine.org\/fr\/wp-json\/wp\/v2\/types\/post"}],"author":[{"embeddable":true,"href":"http:\/\/www.combats-magazine.org\/fr\/wp-json\/wp\/v2\/users\/4"}],"replies":[{"embeddable":true,"href":"http:\/\/www.combats-magazine.org\/fr\/wp-json\/wp\/v2\/comments?post=1997"}],"version-history":[{"count":0,"href":"http:\/\/www.combats-magazine.org\/fr\/wp-json\/wp\/v2\/posts\/1997\/revisions"}],"wp:featuredmedia":[{"embeddable":true,"href":"http:\/\/www.combats-magazine.org\/fr\/wp-json\/wp\/v2\/media\/2003"}],"wp:attachment":[{"href":"http:\/\/www.combats-magazine.org\/fr\/wp-json\/wp\/v2\/media?parent=1997"}],"wp:term":[{"taxonomy":"category","embeddable":true,"href":"http:\/\/www.combats-magazine.org\/fr\/wp-json\/wp\/v2\/categories?post=1997"},{"taxonomy":"post_tag","embeddable":true,"href":"http:\/\/www.combats-magazine.org\/fr\/wp-json\/wp\/v2\/tags?post=1997"}],"curies":[{"name":"wp","href":"https:\/\/api.w.org\/{rel}","templated":true}]}}