{"id":1827,"date":"2015-05-16T10:05:45","date_gmt":"2015-05-16T08:05:45","guid":{"rendered":"http:\/\/www.combats-magazine.org\/fr\/?p=1827"},"modified":"2015-05-16T10:14:21","modified_gmt":"2015-05-16T08:14:21","slug":"les-marches-de-la-solidarite-un-mouvement-civique-europeen-appel-du-15-mai-2015","status":"publish","type":"post","link":"http:\/\/www.combats-magazine.org\/fr\/les-marches-de-la-solidarite-un-mouvement-civique-europeen-appel-du-15-mai-2015\/","title":{"rendered":"LES MARCHES DE LA SOLIDARIT\u00c9 : UN MOUVEMENT CIVIQUE EUROP\u00c9EN. APPEL DU 15 MAI 2015."},"content":{"rendered":"<p>Nous reprenons ici le texte que notre ami et collaborateur signait vendredi le 15 mai 2015 avec Pierre Henry, directeur de France, terre d&rsquo;asile.<\/p>\n<p><em><span style=\"color: #000000;\">En quarante ans tout a chang\u00e9. \u00c0 un point tel qu\u2019il devient exceptionnel que soient entendues et \u00e9cout\u00e9es avec succ\u00e8s les voix qui, \u00e0 l\u2019instar de celles de Jean Paul Sartre et de Raymond Aron, plaidaient, \u00e0 la fin des ann\u00e9es 70, aupr\u00e8s de l\u2019opinion publique et du Pr\u00e9sident de la R\u00e9publique pour que la France accueille les boat people du sud-est asiatique .<\/span><\/em><a href=\"http:\/\/www.combats-magazine.org\/fr\/wp-content\/uploads\/2015\/05\/Earthlights_2002-533x451.jpg\"><img fetchpriority=\"high\" decoding=\"async\" class=\"size-medium wp-image-1828 alignleft\" src=\"http:\/\/www.combats-magazine.org\/fr\/wp-content\/uploads\/2015\/05\/Earthlights_2002-533x451-300x253.jpg\" alt=\"Earthlights_2002-533x451\" width=\"300\" height=\"253\" srcset=\"http:\/\/www.combats-magazine.org\/fr\/wp-content\/uploads\/2015\/05\/Earthlights_2002-533x451-300x253.jpg 300w, http:\/\/www.combats-magazine.org\/fr\/wp-content\/uploads\/2015\/05\/Earthlights_2002-533x451-260x220.jpg 260w, http:\/\/www.combats-magazine.org\/fr\/wp-content\/uploads\/2015\/05\/Earthlights_2002-533x451-160x135.jpg 160w, http:\/\/www.combats-magazine.org\/fr\/wp-content\/uploads\/2015\/05\/Earthlights_2002-533x451.jpg 533w\" sizes=\"(max-width: 300px) 100vw, 300px\" \/><\/a><\/p>\n<p><span style=\"color: #000000;\">Autre temps, autres m\u0153urs, celles qui traversent l\u2019Europe nous inqui\u00e8tent au plus haut point. Elles disent l\u2019exclusion, la haine de l\u2019autre, un repli sur soi mortif\u00e8re. Elles cultivent volontiers le racisme, l\u2019antis\u00e9mitisme, l\u2019islamophobie plut\u00f4t que la bienveillance, la bientraitance, l\u2019accueil organis\u00e9 de l\u2019autre .<\/span><br \/>\n<span style=\"color: #000000;\">En quinze ans, c\u2019est-\u00e0-dire depuis le d\u00e9but du si\u00e8cle, rien n\u2019a chang\u00e9. Si l\u2019on regarde du cot\u00e9 de Patras, de Lampedusa, de Calais -du centre de Sangatte aux jungles successives- les politiques migratoires europ\u00e9ennes ont le plus souvent \u00e9chou\u00e9. Impuissance, incoh\u00e9rence, \u00e9go\u00efsme semblent \u00eatre les ma\u00eetres mots aux fronti\u00e8res de l\u2019espace Schengen, \u00e0 Bruxelles comme dans la majorit\u00e9 des capitales Europ\u00e9ennes. Mais les images de ces migrants, souvent r\u00e9fugi\u00e9s, d\u00e9laiss\u00e9s, esseul\u00e9s, maltrait\u00e9s nourrissent et alimentent le rejet de ces populations, esquissent les grandes peurs contemporaines, posant des bornes identitaires comme autant de fermetures et d\u2019affrontements \u00e0 venir.<\/span><\/p>\n<p><span style=\"color: #000000;\">Le grand remplacement est en marche, disent certains parmi ceux qui hurlent au d\u00e9barquement des \u00ab \u00e9trangers \u00bb sur nos c\u00f4tes et \u00e0 leur d\u00e9versement en d\u00e9pit de toute vraisemblance dans nos campagnes. On devrait plut\u00f4t s\u2019\u00e9tonner que ceux-l\u00e0 m\u00eames qui pr\u00e9tendent s\u2019inqui\u00e9ter du d\u00e9clin de l\u2019Europe ne comprennent pas qu\u2019\u00e0 l\u2019inverse, dans un continent vieillissant, l\u2019immigration devrait \u00eatre per\u00e7ue pour ce qu\u2019elle est : \u00e0 savoir l\u2019un des moyens de compenser le vieillissement de nos populations et une courbe d\u00e9mographique inqui\u00e9tante.<\/span><\/p>\n<p><span style=\"color: #000000;\">Depuis trois ans, les citoyens europ\u00e9ens ont pris conscience des dangers des voies migratoires irr\u00e9guli\u00e8res. la mort rode en M\u00e9diterran\u00e9e comme sur l\u2019ensemble des routes, mais les dirigeants des \u00c9tats membres font la sourde oreille. Comme la majorit\u00e9 de leur opinion publique ils ne veulent pas voir, entendre, analyser et prendre les mesures ad\u00e9quates ou alors sous la contrainte et de mani\u00e8re partielle.<\/span><\/p>\n<p><span style=\"color: #000000;\">Tout cela provoque un sentiment de honte et de grand danger pour le projet europ\u00e9en humaniste, soucieux de l\u2019effectivit\u00e9 des droits, et de la dignit\u00e9 de tous que nous appelons de nos v\u0153ux.<\/span><\/p>\n<p><span style=\"color: #000000;\">\u00ab Il n\u2019est plus question de vaines paroles, mais d\u2019un acte, d\u2019un acte hardi, d\u2019un acte constructif. \u00bb disait Robert Schuman, le 9 mai 1950, il y a 55 ans, dans un discours qui fut la premi\u00e8re pierre vers l\u2019\u00e9laboration d\u2019une Europe politique, \u00e9conomique et sociale.<\/span><\/p>\n<p><span style=\"color: #000000;\">Fid\u00e8les \u00e0 cet esprit volontaire et humaniste, \u00e0 cet esprit de solidarit\u00e9 et d\u2019accueil, nous, citoyens europ\u00e9ens venus des 28 pays de l\u2019Union europ\u00e9enne, appelons \u00e0 l\u2019organisation de marches de solidarit\u00e9 dans toute l\u2019Europe.<\/span><\/p>\n<p><span style=\"color: #000000;\">Il s\u2019agit :<\/span><\/p>\n<p><span style=\"color: #000000;\">de montrer que la politique actuelle, loin d\u2019apporter des solutions, est nuisible pour les migrants, pour les r\u00e9fugi\u00e9s pour les pays de d\u00e9part comme pour les citoyens des pays d\u2019accueil.<\/span><br \/>\n<span style=\"color: #000000;\">\u00a0d\u2019appeler au respect du droit d\u2019asile et \u00e0 son application dans des conditions dignes et dans des d\u00e9lais raisonnables pour les demandeurs sur l\u2019ensemble du territoire de l\u2019UE ainsi qu\u2019une juste r\u00e9partition de l\u2019accueil au nom de la solidarit\u00e9 dans les pays concern\u00e9s.<\/span><br \/>\n<span style=\"color: #000000;\">d\u2019initier un changement de regard m\u00e9diatico-politique o\u00f9 les termes \u00ab appel d\u2019air \u00bb, \u00ab flux \u00bb, \u00ab stocks \u00bb, \u00ab clandestins \u00bb\u00a0 sont d\u00e9sormais utilis\u00e9s pour \u00e9voquer des groupes de personnes r\u00e9cemment arriv\u00e9es sur nos territoires.<\/span><br \/>\n<span style=\"color: #000000;\">d\u2019informer nos concitoyens sur l\u2019apport qu\u2019ont repr\u00e9sent\u00e9, repr\u00e9sentent et repr\u00e9senteront demain plus que jamais les populations immigr\u00e9es.<\/span><br \/>\n<span style=\"color: #000000;\">\u2013 de d\u00e9battre de politiques europ\u00e9ennes migratoires alternatives.<\/span><br \/>\n<span style=\"color: #000000;\">d\u2019inciter \u00e0 la mise en place par des mesures concr\u00e8tes d\u2019un principe de solidarit\u00e9 dans l\u2019accueil des populations \u00e9trang\u00e8res.<\/span><br \/>\n<span style=\"color: #000000;\">d\u2019exiger sans d\u00e9lai et de mani\u00e8re p\u00e9renne que soit assur\u00e9e la s\u00e9curit\u00e9 des personnes pr\u00e9sentes sur la mer M\u00e9diterran\u00e9e, dans et hors les eaux territoriales.<\/span><br \/>\n<span style=\"color: #000000;\">Les formes que prendront ces marches demeurent \u00e0 inventer et nous avons toute confiance en de nouvelles initiatives citoyennes pour le faire.<\/span><br \/>\n<span style=\"color: #000000;\">Pour notre part, nous appelons \u00e0 l\u2019organisation d\u2019une premi\u00e8re marche au d\u00e9part de Paris, laquelle rejoindra Calais puis Bruxelles entre ao\u00fbt et septembre 2015.<\/span><\/p>\n<p><span style=\"color: #000000;\">Mais cela ne peut rester un \u00e9lan isol\u00e9. La force de ces marches en sera dans le nombre et leur diffusion dans l\u2019Europe enti\u00e8re, elle reposera sur des initiatives locales et citoyennes et sur la mise \u00e0 distance de tous les lieux communs sur les migrations aujourd\u2019hui d\u00e9livr\u00e9s en Europe.<\/span><\/p>\n<p><span style=\"color: #000000;\">L\u2019Europe ne peut se cadenasser dans ses fronti\u00e8res, elle a le devoir d\u2019organiser les migrations, de les penser en imaginant les mobilit\u00e9s et les protections n\u00e9cessaires.<\/span><\/p>\n<p><span style=\"color: #000000;\">D\u00e8s septembre 2015 donc, \u00ab les marches de la solidarit\u00e9 \u00bb doivent initier un nouveau mouvement civique en Europe, pour une Europe de la paix et de l\u2019ouverture au Monde.<\/span><\/p>\n<p><span style=\"color: #000000;\">Pierre Henry, Directeur g\u00e9n\u00e9ral de France terre d\u2019asile, phenry@france-terre-asile.org<\/span><br \/>\n<span style=\"color: #000000;\">Olivier Favier, dormirajamais@dormirajamais.org<\/span><\/p>\n<p><span style=\"color: #000000;\">(Nous publierons de nouveau cet appel avec les noms et qualit\u00e9s des personnes qui nous auront donn\u00e9 leur accord \u00e0 l\u2019une des adresses ci-dessus le 22 mai prochain.)<\/span><\/p>\n","protected":false},"excerpt":{"rendered":"<p>Nous reprenons ici le texte que notre ami et collaborateur signait vendredi le 15 mai 2015 avec Pierre Henry, directeur de France, terre d&rsquo;asile. En quarante ans tout a chang\u00e9.&hellip;<\/p>\n<p class=\"more-link-p\"><a class=\"more-link\" href=\"http:\/\/www.combats-magazine.org\/fr\/les-marches-de-la-solidarite-un-mouvement-civique-europeen-appel-du-15-mai-2015\/\">Lire plus &rarr;<\/a><\/p>\n","protected":false},"author":20,"featured_media":0,"comment_status":"open","ping_status":"open","sticky":false,"template":"","format":"standard","meta":{"footnotes":""},"categories":[55,35],"tags":[72,504,502,503],"class_list":["post-1827","post","type-post","status-publish","format-standard","hentry","category-actualite","category-debats","tag-europe","tag-mediterranee","tag-migrations","tag-solidarite"],"_links":{"self":[{"href":"http:\/\/www.combats-magazine.org\/fr\/wp-json\/wp\/v2\/posts\/1827","targetHints":{"allow":["GET"]}}],"collection":[{"href":"http:\/\/www.combats-magazine.org\/fr\/wp-json\/wp\/v2\/posts"}],"about":[{"href":"http:\/\/www.combats-magazine.org\/fr\/wp-json\/wp\/v2\/types\/post"}],"author":[{"embeddable":true,"href":"http:\/\/www.combats-magazine.org\/fr\/wp-json\/wp\/v2\/users\/20"}],"replies":[{"embeddable":true,"href":"http:\/\/www.combats-magazine.org\/fr\/wp-json\/wp\/v2\/comments?post=1827"}],"version-history":[{"count":0,"href":"http:\/\/www.combats-magazine.org\/fr\/wp-json\/wp\/v2\/posts\/1827\/revisions"}],"wp:attachment":[{"href":"http:\/\/www.combats-magazine.org\/fr\/wp-json\/wp\/v2\/media?parent=1827"}],"wp:term":[{"taxonomy":"category","embeddable":true,"href":"http:\/\/www.combats-magazine.org\/fr\/wp-json\/wp\/v2\/categories?post=1827"},{"taxonomy":"post_tag","embeddable":true,"href":"http:\/\/www.combats-magazine.org\/fr\/wp-json\/wp\/v2\/tags?post=1827"}],"curies":[{"name":"wp","href":"https:\/\/api.w.org\/{rel}","templated":true}]}}