{"id":1528,"date":"2014-05-21T13:30:01","date_gmt":"2014-05-21T11:30:01","guid":{"rendered":"http:\/\/www.combats-magazine.org\/fr\/?p=1528"},"modified":"2014-05-27T13:38:31","modified_gmt":"2014-05-27T11:38:31","slug":"pour-une-citoyennete-transculturelle","status":"publish","type":"post","link":"http:\/\/www.combats-magazine.org\/fr\/pour-une-citoyennete-transculturelle\/","title":{"rendered":"Pour une Europe  transculturelle"},"content":{"rendered":"<p style=\"text-align: left;\" align=\"justify\"><span style=\"color: #000000;\"><strong>En strat\u00e9gie militaire, la victoire s&rsquo;obtient en s&rsquo;attaquant au maillon faible. Et dans l&rsquo;espace politique contemporain, l&rsquo;Europe constitue bien, h\u00e9las, ce maillon faible qu&rsquo;il a suffi d&rsquo;enfoncer pour triompher. L\u2019Europe caricatur\u00e9e en une bureaucratie pointilleuse, fait les frais du manque de vision de notre classe politique, des modes op\u00e9ratoires de nos d\u00e9mocraties repr\u00e9sentatives d\u00e9pass\u00e9es par les technologies,\u00a0 et de la difficult\u00e9s de nos soci\u00e9t\u00e9s civiles \u00e0 faire\u00a0 \u00e9merger de nouvelles \u00e9lites politiques en mesure de\u00a0 fonder la citoyennet\u00e9 europ\u00e9enne autrement que sur\u00a0 les nations -la fameuse \u00ab\u00a0Europe des nations\u00a0\u00bb ch\u00e8re \u00e0 De Gaulle. Car, paradoxalement et bien que les ultra-nationalistes aient triomph\u00e9, c&rsquo;est bien cette Europe des nations qui est morte ce dimanche dernier.\u00a0 Le pr\u00e9sent dossier entend faire un point \u00e0 cet \u00e9gard en mettant en lien des articles anciens et nouveaux, publi\u00e9s dans nos pages\u00a0 depuis\u00a0 huit ans. Vous pouvez y lire une continuit\u00e9 de visions et de pr\u00e9occupation qui fait de la diversit\u00e9 culturelle la nouvelle ligne de front\u00a0 au sens propre et figur\u00e9 du combat pour la d\u00e9mocratie<\/strong>.<\/span><\/p>\n<p align=\"justify\"><span style=\"color: #000000;\"><a href=\"http:\/\/www.combats-magazine.org\/fr\/wp-content\/uploads\/2014\/05\/7772274047_les-resultats-des-elections-europeennes-en-france-en-des-suffrages-exprimes-et-en-nombre-de-sieges.jpg\"><span style=\"color: #000000;\"><img fetchpriority=\"high\" decoding=\"async\" class=\"size-medium wp-image-1559 alignleft\" src=\"http:\/\/www.combats-magazine.org\/fr\/wp-content\/uploads\/2014\/05\/7772274047_les-resultats-des-elections-europeennes-en-france-en-des-suffrages-exprimes-et-en-nombre-de-sieges-300x199.jpg\" alt=\"7772274047_les-resultats-des-elections-europeennes-en-france-en-des-suffrages-exprimes-et-en-nombre-de-sieges\" width=\"300\" height=\"199\" srcset=\"http:\/\/www.combats-magazine.org\/fr\/wp-content\/uploads\/2014\/05\/7772274047_les-resultats-des-elections-europeennes-en-france-en-des-suffrages-exprimes-et-en-nombre-de-sieges-300x199.jpg 300w, http:\/\/www.combats-magazine.org\/fr\/wp-content\/uploads\/2014\/05\/7772274047_les-resultats-des-elections-europeennes-en-france-en-des-suffrages-exprimes-et-en-nombre-de-sieges-1024x682.jpg 1024w, http:\/\/www.combats-magazine.org\/fr\/wp-content\/uploads\/2014\/05\/7772274047_les-resultats-des-elections-europeennes-en-france-en-des-suffrages-exprimes-et-en-nombre-de-sieges-560x372.jpg 560w, http:\/\/www.combats-magazine.org\/fr\/wp-content\/uploads\/2014\/05\/7772274047_les-resultats-des-elections-europeennes-en-france-en-des-suffrages-exprimes-et-en-nombre-de-sieges-260x173.jpg 260w, http:\/\/www.combats-magazine.org\/fr\/wp-content\/uploads\/2014\/05\/7772274047_les-resultats-des-elections-europeennes-en-france-en-des-suffrages-exprimes-et-en-nombre-de-sieges-160x106.jpg 160w, http:\/\/www.combats-magazine.org\/fr\/wp-content\/uploads\/2014\/05\/7772274047_les-resultats-des-elections-europeennes-en-france-en-des-suffrages-exprimes-et-en-nombre-de-sieges.jpg 1063w\" sizes=\"(max-width: 300px) 100vw, 300px\" \/><\/span><\/a><\/span><\/p>\n<p><span style=\"color: #000000;\">\u00ab\u00a0Si c&rsquo;\u00e9tait \u00e0 recommencer, je commencerai par la culture\u00a0\u00bb. Sans reprendre cette c\u00e9l\u00e8bre phrase que l&rsquo;on pr\u00eate \u00e0 Jean Monnet, il appara\u00eet de plus en plus \u00e9vident que c&rsquo;est la culture qui est le v\u00e9ritable ciment de l&rsquo;Union europ\u00e9enne.\u00a0 Jadis, il est vrai, la nation a \u00e9t\u00e9 l&rsquo;aiguillon de notre modernit\u00e9. La R\u00e9volution fran\u00e7aise avait commenc\u00e9 \u00e0 dissoudre les formes traditionnelles de l\u2019appartenance \u00e0 un territoire et \u00e0 une ethnie pour en red\u00e9ployer les restes dans un ensemble nouveau : l\u2019\u00e9tat-nation. Cette forme politico-juridique hybride, allait se r\u00e9pandre dans le monde et f\u00e9d\u00e9rer notre espace politique comme nos repr\u00e9sentations. Mais aujourd\u2019hui, il n\u2019est plus facteur de modernit\u00e9 comme jadis. La mondialisation est pass\u00e9e par l\u00e0 en d\u00e9tricotant l\u2019assise \u00e9conomique locale qui nagu\u00e8re permettait le d\u00e9veloppement d\u2019une \u00e9conomie dont le p\u00e9rim\u00e8tre \u00e9tait d\u2019abord limit\u00e9 au march\u00e9 int\u00e9rieur.<\/span><\/p>\n<p><span style=\"color: #000000;\">Men\u00e9e par l\u2019acc\u00e9l\u00e9ration des flux financiers et par les technologies de communication, la modernit\u00e9 telle qu\u2019elle a \u00e9t\u00e9 affirm\u00e9e par les po\u00e8tes -et non par les \u00e9conomistes !-, passe d\u00e9sormais par un autre canal que celui qui fixe un individu \u00e0 son sol natal ou \u00e0 son ethnie. Et ce canal ; c\u2019est la culture qui, comme l\u2019homme, n\u2019est pas r\u00e9ductible \u00e0 une marchandise.<\/span><\/p>\n<p align=\"justify\"><span style=\"color: #000000;\">Cette irr\u00e9ductibilit\u00e9 de la culture constitue bien le socle \u00e0 partir duquel doit se red\u00e9ployer une citoyennet\u00e9 bien temp\u00e9r\u00e9e ouverte sur ses appartenances multiples (y compris nationales). C\u2019est ce nouveau seuil qu\u2019il s\u2019agit de franchir collectivement si on ne veut pas rester prisonniers de repr\u00e9sentations qui nous conduisent \u00e0 d\u00e9nouer dans la violence le contrat social et le droit positif qui le sous-tend.<\/span><\/p>\n<p align=\"justify\"><span style=\"color: #000000;\">La culture n\u2019est pas la cinqui\u00e8me roue du carrosse mais bien \u00ab l\u2019\u00e9nergie noire \u00bb qui maintient la coh\u00e9sion de notre univers politique et social. L\u2019amplification des technologies l\u2019illustre chaque jour. La complexit\u00e9, le maillage de la culture r\u00e9v\u00e8le l\u2019intime porosit\u00e9 de notre identit\u00e9. (En effet qui n\u2019a pas dans sa famille, un oncle, un grand-p\u00e8re une grand-m\u00e8re qui ne vienne d\u2019ailleurs.)<\/span><\/p>\n<p><span style=\"color: #000000;\">Mais aujourd\u2019hui cette diversit\u00e9 s\u2019affirme. Elle ne doit pas \u00eatre consid\u00e9r\u00e9e comme une menace mais le vecteur de ce que pourrait \u00eatre une citoyennet\u00e9 transculturelle en Europe. C\u2019est le souhait que je formule contre les nostalgiques d\u2019une identit\u00e9 exclusivement nationale. A bon entendeur, salut !<\/span><\/p>\n<p><span style=\"color: #000000;\">\u00a0<\/span><\/p>\n","protected":false},"excerpt":{"rendered":"<p>En strat\u00e9gie militaire, la victoire s&rsquo;obtient en s&rsquo;attaquant au maillon faible. Et dans l&rsquo;espace politique contemporain, l&rsquo;Europe constitue bien, h\u00e9las, ce maillon faible qu&rsquo;il a suffi d&rsquo;enfoncer pour triompher. L\u2019Europe&hellip;<\/p>\n<p class=\"more-link-p\"><a class=\"more-link\" href=\"http:\/\/www.combats-magazine.org\/fr\/pour-une-citoyennete-transculturelle\/\">Lire plus &rarr;<\/a><\/p>\n","protected":false},"author":4,"featured_media":1559,"comment_status":"open","ping_status":"open","sticky":false,"template":"","format":"standard","meta":{"footnotes":""},"categories":[55,35],"tags":[282,72,421],"class_list":["post-1528","post","type-post","status-publish","format-standard","has-post-thumbnail","hentry","category-actualite","category-debats","tag-democratie","tag-europe","tag-transculturelle"],"_links":{"self":[{"href":"http:\/\/www.combats-magazine.org\/fr\/wp-json\/wp\/v2\/posts\/1528","targetHints":{"allow":["GET"]}}],"collection":[{"href":"http:\/\/www.combats-magazine.org\/fr\/wp-json\/wp\/v2\/posts"}],"about":[{"href":"http:\/\/www.combats-magazine.org\/fr\/wp-json\/wp\/v2\/types\/post"}],"author":[{"embeddable":true,"href":"http:\/\/www.combats-magazine.org\/fr\/wp-json\/wp\/v2\/users\/4"}],"replies":[{"embeddable":true,"href":"http:\/\/www.combats-magazine.org\/fr\/wp-json\/wp\/v2\/comments?post=1528"}],"version-history":[{"count":0,"href":"http:\/\/www.combats-magazine.org\/fr\/wp-json\/wp\/v2\/posts\/1528\/revisions"}],"wp:featuredmedia":[{"embeddable":true,"href":"http:\/\/www.combats-magazine.org\/fr\/wp-json\/wp\/v2\/media\/1559"}],"wp:attachment":[{"href":"http:\/\/www.combats-magazine.org\/fr\/wp-json\/wp\/v2\/media?parent=1528"}],"wp:term":[{"taxonomy":"category","embeddable":true,"href":"http:\/\/www.combats-magazine.org\/fr\/wp-json\/wp\/v2\/categories?post=1528"},{"taxonomy":"post_tag","embeddable":true,"href":"http:\/\/www.combats-magazine.org\/fr\/wp-json\/wp\/v2\/tags?post=1528"}],"curies":[{"name":"wp","href":"https:\/\/api.w.org\/{rel}","templated":true}]}}