{"id":1468,"date":"2014-05-20T14:52:29","date_gmt":"2014-05-20T12:52:29","guid":{"rendered":"http:\/\/www.combats-magazine.org\/fr\/?p=1468"},"modified":"2014-05-20T18:45:51","modified_gmt":"2014-05-20T16:45:51","slug":"que-faire-pour-maintenir-une-culture-de-paix","status":"publish","type":"post","link":"http:\/\/www.combats-magazine.org\/fr\/que-faire-pour-maintenir-une-culture-de-paix\/","title":{"rendered":"Que faire pour maintenir une culture de paix\u00a0?"},"content":{"rendered":"<p style=\"text-align: justify;\"><strong><a href=\"http:\/\/www.combats-magazine.org\/fr\/wp-content\/uploads\/2014\/05\/arton515.jpg\"><img decoding=\"async\" class=\"alignleft size-medium wp-image-1484\" src=\"http:\/\/www.combats-magazine.org\/fr\/wp-content\/uploads\/2014\/05\/arton515-300x80.jpg\" alt=\"arton515\" width=\"300\" height=\"80\" srcset=\"http:\/\/www.combats-magazine.org\/fr\/wp-content\/uploads\/2014\/05\/arton515-300x80.jpg 300w, http:\/\/www.combats-magazine.org\/fr\/wp-content\/uploads\/2014\/05\/arton515-560x149.jpg 560w, http:\/\/www.combats-magazine.org\/fr\/wp-content\/uploads\/2014\/05\/arton515-260x69.jpg 260w, http:\/\/www.combats-magazine.org\/fr\/wp-content\/uploads\/2014\/05\/arton515-160x42.jpg 160w, http:\/\/www.combats-magazine.org\/fr\/wp-content\/uploads\/2014\/05\/arton515.jpg 839w\" sizes=\"(max-width: 300px) 100vw, 300px\" \/><\/a><\/strong><strong>La 46e rencontre internationale des \u00e9crivains du Pen Club, s&rsquo;est tenue du 8 au 11 mai dernier \u00e0 Bled en Slov\u00e9nie\u00a0; une centaine de participants venus de quatre coins d&rsquo;Europe y ont particip\u00e9 parmi lesquels, Pierre Lema\u00eetre, prix Goncourt 2013 pour le roman <em>Au revoir La haut<\/em>. Le th\u00e8me de cette rencontre avait pour titre \u00ab\u00a0visages de la paix\u00a0\u00bb, une mani\u00e8re de comm\u00e9morer le centenaire de la Premi\u00e8re Grande guerre et de se demander par la m\u00eame occasion si les \u00e9crivains font tout ce qu&rsquo;ils peuvent pour r\u00e9tablir et maintenir la paix dans le monde. Cette question n&rsquo;est pas sans faire un \u00e9cho \u00e0 nos propres interrogations au sein de l&rsquo;Observatoire de la diversit\u00e9 culturelle. Rappelons en effet que le 21 mai prochain, quatre jours avant le tr\u00e8s important scrutin europ\u00e9en qui risque de porter au pouvoir des repr\u00e9sentants anti-europ\u00e9ens, on c\u00e9l\u00e9brera la journ\u00e9e internationale de la diversit\u00e9 culturelle. Le directeur de l&rsquo;association \u00e9tait pr\u00e9sent \u00e0 cette rencontre slov\u00e8ne. Voici sa communication.<\/strong><\/p>\n<div id=\"sdfootnote6\" style=\"text-align: justify;\">\n<p style=\"text-align: center;\">*<\/p>\n<p><span style=\"text-align: left; letter-spacing: 0.05em; line-height: 1.6875;\">Que faire pour maintenir une culture de paix\u00a0? Cette interrogation rappelle celle de L\u00e9nine dans son fameux essai publi\u00e9 en 1902. L\u00e9nine y pr\u00e9sentait des propositions concr\u00e8tes sur l&rsquo;organisation et la strat\u00e9gie \u00e0 suivre pour le parti r\u00e9volutionnaire. Sa proposition principale, on la conna\u00eet, \u00e9tait la cr\u00e9ation d&rsquo;un parti centralis\u00e9, constitu\u00e9 de \u00ab\u00a0r\u00e9volutionnaires de profession\u00a0\u00bb.<\/span><\/p>\n<p>Je serai bien mal inspir\u00e9 d&rsquo;\u00e9voquer ici le parti unique dont les d\u00e9rives bafou\u00e8rent plus d&rsquo;une fois les Droits de l&rsquo;homme et la libert\u00e9 d&rsquo;expression. L&rsquo;une et l&rsquo;autre ont toujours \u00e9t\u00e9 li\u00e9s depuis l&rsquo;apparition de la d\u00e9mocratie. Ils en sont les bornes, mieux sa respiration. C&rsquo;est pourquoi il est capital de bien saisir la nature de la menace qui p\u00e8se sur eux. Il y a un peu plus de 22 ans Pierre Bourdieu adjurait ses amis intellectuels de cr\u00e9er une \u00ab\u00a0v\u00e9ritable internationale des intellectuels\u00a0\u00bb.<\/p>\n<p>Certains ne seraient sans doute pas d&rsquo;accord avec cette injonction \u00e0 coloration corporatiste mais les raisons qu&rsquo;il \u00e9voque ne sont pas \u00e9trang\u00e8res \u00e0 notre propos. Aussi permettez-moi de les citer. La premi\u00e8re est sans doute la plus importante\u00a0: c&rsquo;est la menace sur l&rsquo;autonomie r\u00e9sultant de l&rsquo;interp\u00e9n\u00e9tration entre le monde de l&rsquo;argent et le celui de l&rsquo;art et notamment \u00e0 travers le contr\u00f4le des outils de production qui pr\u00e9valaient sur les producteurs culturels eux-m\u00eames.<\/p>\n<p>La seconde est l&rsquo;exclusion hors du d\u00e9bat public des artistes et des \u00e9crivains. Nous y sommes\u00a0! Pour Bourdieu, cette exclusion est le r\u00e9sultat de plusieurs facteurs dont l&rsquo;un des plus cruciaux serait la production des pouvoirs technocratiques dont la Noblesse d&rsquo;\u00e9tat surtout en France serait la d\u00e9positaire. Et de conclure cette phrase \u00e0 D&rsquo;Artagnan. \u00ab\u00a0Ce n&rsquo;est pas la vertu qui peut fonder un ordre intellectuel libre : C&rsquo;est un ordre intellectuel libre qui peut fonder la vertu\u00a01\u00bb.<\/p>\n<p>Cet ordre intellectuel libre que Bourdieu nous invite \u00e0 former collectivement ne peut nous laisser indiff\u00e9rents, nous \u00e9crivains, membres du Pen Club dont la rencontre ici m\u00eame pourrait \u00eatre la pr\u00e9figuration de ce \u00ab\u00a0corporatisme de l&rsquo;universel\u00a0\u00bb qui, vous le savez, ne date pas d&rsquo;hier. C&rsquo;\u00e9tait d\u00e9j\u00e0 la r\u00e9publique des lettres, porteur de cet humanisme dont le PEN Club est \u00e0 sa mani\u00e8re l&rsquo;h\u00e9ritier.<\/p>\n<p>Sur quoi est-il fond\u00e9\u00a0? Sur la diff\u00e9rence qui pr\u00e9cis\u00e9ment devraient nous d\u00e9sunir\u00a0: la langue. Paul Val\u00e9ry le rappelait tr\u00e8s justement dans l&rsquo;une des assembl\u00e9es du Pen Club de jadis. \u00ab Je trouve cette r\u00e9union presqu&rsquo;inexplicable, disait-il, La litt\u00e9rature est l&rsquo;art du langage&#8230; On con\u00e7oit que des g\u00e9om\u00e8tres, des \u00e9conomistes de toutes races puissent s&rsquo;assembler utilement &#8230; car ils ont objet unique et identique&#8230; mais des \u00e9crivains\u00a0!&#8230; mais des hommes dont le m\u00e9tier consiste par cons\u00e9quent \u00e0 d\u00e9velopper ce qui s\u00e9pare le plus nettement \u2013 le plus cruellement peut-\u00eatre- un peuple d&rsquo;un autre peuple\u00a0!&#8230; Comment cette r\u00e9union est-elle possible\u00a0? Se demande-t-il. Et de r\u00e9pondre\u00a0; \u00ab\u00a0 Ici il faut invoquer le miracle. Ce fut, naturellement un miracle d&rsquo;amour2\u00a0\u00bb<br \/>\nCe \u00ab\u00a0miracle d&rsquo;amour\u00a0\u00bb, quel est-il sinon celui que l&rsquo;on porte \u00e0 la premi\u00e8re langue de l&rsquo;amour \u2013 la langue maternelle \u2013 dont Dante fut l&rsquo;un des premiers \u00e0 saisir l&rsquo;importance et qui fut pour lui, la langue de po\u00e9sie, \u00ab\u00a0celle qui n&rsquo;appartient \u00e0 aucune cit\u00e9 en particulier mais qui est commune \u00e0 toutes 3\u00bb. Langue de po\u00e9sie, donc langue du bien commun, tel est bien le premier statut de toutes les langues nationales\u00a0!<\/p>\n<p>Cette tension entre l&rsquo;universel et le territoire, le spirituel et le terrestre traverse l&rsquo;histoire du langage et du monde depuis l&rsquo;Antiquit\u00e9.<br \/>\nVous l&rsquo;aurez compris il ne s&rsquo;agit pas d&rsquo;opposer la pens\u00e9e du Midi et \u00ab\u00a0l&rsquo;id\u00e9ologie allemande\u00a0\u00bb ; mais bien de trouver en quoi elles se compl\u00e8tent dans une tension renouvel\u00e9e. Car la mesure est tension justement\u00a0: \u00ab\u00a0L\u2019Europe n&rsquo;a jamais \u00e9t\u00e9 que dans cette lutte entre midi et minuit. Elle ne s&rsquo;est d\u00e9grad\u00e9e qu&rsquo;en d\u00e9sertant cette lutte en \u00e9clipsant le jour par la nuit 4\u00a0\u00bb\u00a0.<\/p>\n<div id=\"attachment_1487\" style=\"width: 310px\" class=\"wp-caption alignleft\"><a href=\"http:\/\/www.combats-magazine.org\/fr\/wp-content\/uploads\/2014\/05\/photo-1.jpg\"><img fetchpriority=\"high\" decoding=\"async\" aria-describedby=\"caption-attachment-1487\" class=\"wp-image-1487 size-medium\" src=\"http:\/\/www.combats-magazine.org\/fr\/wp-content\/uploads\/2014\/05\/photo-1-300x300.jpg\" alt=\"photo 1\" width=\"300\" height=\"300\" srcset=\"http:\/\/www.combats-magazine.org\/fr\/wp-content\/uploads\/2014\/05\/photo-1-300x300.jpg 300w, http:\/\/www.combats-magazine.org\/fr\/wp-content\/uploads\/2014\/05\/photo-1-150x150.jpg 150w, http:\/\/www.combats-magazine.org\/fr\/wp-content\/uploads\/2014\/05\/photo-1-1024x1024.jpg 1024w, http:\/\/www.combats-magazine.org\/fr\/wp-content\/uploads\/2014\/05\/photo-1-560x560.jpg 560w, http:\/\/www.combats-magazine.org\/fr\/wp-content\/uploads\/2014\/05\/photo-1-260x260.jpg 260w, http:\/\/www.combats-magazine.org\/fr\/wp-content\/uploads\/2014\/05\/photo-1-160x160.jpg 160w, http:\/\/www.combats-magazine.org\/fr\/wp-content\/uploads\/2014\/05\/photo-1.jpg 1280w\" sizes=\"(max-width: 300px) 100vw, 300px\" \/><\/a><p id=\"caption-attachment-1487\" class=\"wp-caption-text\">Sylvestre Clancier &#8211; Pen Club 2014<\/p><\/div>\n<p>Retrouver, esquisser les conditions de ce combat tel est bien l&rsquo;ambition de ce texte. Pour ce faire, il est bon de conduire notre r\u00e9flexion sur deux chemins parall\u00e8les \u00a0: le statut du langage et ceux qui le portent dans sa forme \u00e9crite\u00a0: les \u00e9crivains. L&rsquo;un comme l&rsquo;autre ont bien \u00e9volu\u00e9 et souvent \u00e9t\u00e9 malmen\u00e9s par les tyrans. Aussi un petit rappel s&rsquo;impose\u00a0; je m&rsquo;appuierai pour ce faire sur les travaux de Philippe Breton pour le premier et de R\u00e9gis Debray pour le second.<\/p>\n<p>La parole qui constitue l&rsquo;\u00e9l\u00e9ment singulier du langage a trois fonctions\u00a0: expressive, argumentative et informative. (On a tendance \u00e0 rabattre la litt\u00e9rature sur la seule vertu expressive. En v\u00e9rit\u00e9 elle les d\u00e9ploie toutes les trois). Car il s&rsquo;agit bel et bien d&#8217;emporter l&rsquo;adh\u00e9sion de se lecteurs par la ma\u00eetrise et l&rsquo;\u00e9loquence de sa parole \u00e9crite. C&rsquo;est bien ce que craignait Platon qui chassa le po\u00e8te hors de sa R\u00e9publique lui pr\u00e9f\u00e9rant, pour la gouverner, le prince philosophe, capable d&rsquo;opposer la raison \u00e0 l&rsquo;\u00e9motion de l&rsquo;imaginaire qui \u00e9meut le citoyen et le rend perm\u00e9able aux manipulations.<\/p>\n<p>C&rsquo;est la d\u00e9mocratie ath\u00e9nienne qui donne \u00e0 la parole sa place centrale et cr\u00e9e de ce fait un espace public commun. Apr\u00e8s la Gr\u00e8ce, les Latins poursuivrons encore quelques si\u00e8cles cet art de la parole libre \u00e0 travers leur r\u00e9publique qui mourra assassin\u00e9e avec son plus c\u00e9l\u00e8bre orateur -Cic\u00e9ron- dont le plaidoyer contre le s\u00e9ditieux Catilina r\u00e9sonne encore \u00e0 nos oreilles.<\/p>\n<p>Hasard du calendrier nous c\u00e9l\u00e9brons cette ann\u00e9e, le bimill\u00e9naire de la mort d&rsquo;Auguste dont le culte de l&#8217;empereur inaugurera tout \u00e0 la fois les pr\u00e9mices de la propagande et confirmera pour plusieurs si\u00e8cles le pacte tacite unissant les lettr\u00e9s \u00e0 la raison du plus fort. Pacte que les premiers se d\u00e9p\u00eacheront de trahir \u2013 on y reviendra \u2013 d\u00e8s lors qu&rsquo;un nouveau pouvoir poindra \u00e0 l&rsquo;horizon.<\/p>\n<p>Avec un chef chef unique \u00e0 quoi \u00e7a sert de discuter. D\u00e8s lors, rappelle Philippe Breton, na\u00eet un nouveau genre- la litt\u00e9rature- dans lequel se \u00ab\u00a0r\u00e9fugient tous les anciens rh\u00e9teurs priv\u00e9s de d\u00e9bouch\u00e9s pour leur savoir-faire. L&rsquo;oral bascule au profit de l&rsquo;\u00e9crit 5\u00a0\u00bb .<br \/>\nDurant cette p\u00e9riode imp\u00e9riale, une mutation s\u2019op\u00e8re qui gr\u00e8vera pour longtemps cet art de la parole dont le po\u00e8te est l&rsquo;h\u00e9ritier. L&rsquo;argumentation qui est l&rsquo;aiguillon, la force de frappe du corpus rh\u00e9torique sera r\u00e9cup\u00e9r\u00e9e par le philosophe \u00e0 travers la dialectique et beaucoup plus tard par le scientifiques et les disciplines des sciences de l&rsquo;homme (l&rsquo;infrastructure marxienne) ne laissant pour ainsi dire que les tropes et autres lieux communs aux po\u00e8tes.<\/p>\n<p>Cette division du travail de la parole qui s&rsquo;accentuera au d\u00e9but du XVIIe si\u00e8cle amplifiera d&rsquo;autant la volont\u00e9 de ma\u00eetrise et de manipulation du langage. (C&rsquo;est d&rsquo;ailleurs en 1622 que le pape Gr\u00e9goire XV r\u00e9unit une congr\u00e9gation pour la \u00ab\u00a0propaganda fidei\u00a0\u00bb, qui inaugure , l&rsquo;\u00e8re moderne de nos services de propagande) .<\/p>\n<p>Face \u00e0 ces machines \u00e9tatiques et religieuses du \u00ab\u00a0convaincre\u00a0\u00bb et aux disciplines scientifiques qui montent, l&rsquo;\u00e9crivain qui entend rester libre, ne p\u00e8se pas lourd. C&rsquo;est pourtant dans l&rsquo;ind\u00e9termination propre \u00e0 son statut et \u00e0 son mat\u00e9riau -qui faisait faussement sourire Val\u00e9ry-, o\u00f9 r\u00e9side sa force. Rousseau l&rsquo;avait bien compris et la revendiquera haut et fort. \u00ab On me demandera si je suis prince ou l\u00e9gislateur pour \u00e9crire sur la Politique\u00a0? Dit-il en pr\u00e9ambule \u00e0 son <em>Contrat social<\/em>. Je r\u00e9ponds que non, et que c&rsquo;est pour cela que j&rsquo;\u00e9cris sur la Politique 6\u00bb.<\/p>\n<p>Car c&rsquo;est bien par l&rsquo;ext\u00e9rieur, en r\u00e9utilisant toute la palette du langage que l&rsquo;\u00e9crivain peut r\u00e9investir, la r\u00e9publique dont il a \u00e9t\u00e9 symboliquement chass\u00e9. Ces occasions-l\u00e0 ont donn\u00e9 de grands moments de civilisation\u00a0: la Renaissance avec l&rsquo;invention de l&rsquo;Humanisme et des grandes litt\u00e9ratures europ\u00e9ennes \u00a0; le si\u00e8cle des Lumi\u00e8res et la d\u00e9fense des droits de l&rsquo;Homme&#8230;\u00a0; les R\u00e9volutions des peuples de 1848 et l&rsquo;affirmation du patriotisme litt\u00e9raire&#8230;<br \/>\nOui mais, me direz-vous, ces avanc\u00e9es ont servi \u00e9galement d&rsquo;alibi aux colonialismes aux nationalismes et autres et id\u00e9ologies qui s&rsquo;affronteront dans la barbarie du si\u00e8cle suivant. Bien s\u00fbr, mais c&rsquo;est pr\u00e9cis\u00e9ment pour cela que la parole et les id\u00e9es qu&rsquo;elles v\u00e9hiculent doivent rester ind\u00e9pendantes de l\u2019\u00c9tat, des religions, des corporatismes et des partis tent\u00e9s de les instrumentaliser \u00e0 leur escient. Garder cette tension, cet \u00e9quilibre et cette vigilance n\u00e9cessaire voil\u00e0 ce \u00e0 quoi nous sommes convi\u00e9s.<br \/>\nAng\u00e9lisme, r\u00e9torqueront d&rsquo;autres\u00a0! Tout parole qui ne parvient pas \u00e0 trouver les moyens de se faire entendre, n&rsquo;existe pas. C&rsquo;est pourquoi les clercs (Moyen-Age), les gens de lettres (Renaissance) puis les intellectuels ( XXe si\u00e8cle) ont n\u00e9goci\u00e9 -en fonction de leurs statuts- leurs privil\u00e8ges avec les pouvoirs. L&rsquo;enjeu \u00e9tant de transformer par m\u00e9dia interpos\u00e9 une conviction priv\u00e9e (celle du pouvoir) en conviction publique partag\u00e9e par tous. C&rsquo;est leur influence qu&rsquo;ils troquent afin de maintenir la majorit\u00e9 dans la servitude volontaire. (\u00c9videment tout cela ne se fait sans concurrence entre divers courants, on le sait) .<\/p>\n<p>Mais ce partage du pouvoir, comme l&rsquo;espace public, est en pleine recomposition depuis au moins quarante ans et ceci sous une double pression. D&rsquo;abord la pression \u00e9conomique dont a d\u00e9j\u00e0 parl\u00e9. La libert\u00e9 d&rsquo;expression, \u00e9manation et porte-\u00e9tendard de la d\u00e9mocratie, elle-m\u00eame le plus faible des r\u00e9gimes politiques, a \u00e9t\u00e9 battue en br\u00e8che,on le sait, par le lib\u00e9ralisme qui l&rsquo;a engendr\u00e9e. L&rsquo;individualisme pouss\u00e9 jusqu&rsquo;\u00e0 ses ultimes limites a eu des cons\u00e9quences inattendues\u00a0: le r\u00e9tr\u00e9cissement cons\u00e9cutif de l&rsquo;espace public. D\u00e9sormais la sph\u00e8re du priv\u00e9 a pris l&rsquo;ascendant sur la sph\u00e8re publique, la d\u00e9termine et lui impose son intendance en l&rsquo;ass\u00e9chant de l&rsquo;int\u00e9rieur.<\/p>\n<p>Tant et aussi longtemps que la reconnaissance de la libert\u00e9 d&rsquo;expression et des droits de l&rsquo;homme s&rsquo;inscrivaient dans l&rsquo;espace public, le combat pouvait se conduire au nom du respect de nos valeurs. Mais d\u00e9sormais le th\u00e9\u00e2tre de guerre s&rsquo;est d\u00e9plac\u00e9\u00a0; ce qui laisse sans voix au sens propre et figur\u00e9.<\/p>\n<p>Le silence assourdissant des intellectuels surtout de gauche qui perdure depuis plus de trente ans y trouve l\u00e0 une de ses explications. Form\u00e9s au marxisme, ils n&rsquo;ont pas compris que l&rsquo;infrastructure (et donc la culture) n&rsquo;\u00e9tait pas d\u00e9termin\u00e9e par la superstructure (les moyens de production). C&rsquo;\u00e9tait plut\u00f4t le contraire\u00a0!<\/p>\n<p>L&rsquo;autre cons\u00e9quence (qui en est une \u00e9manation), c&rsquo;est le progr\u00e8s technologique li\u00e9 au num\u00e9rique qui redistribue la parole \u00e0 l&rsquo;ensemble des citoyens et rend de facto obsol\u00e8te cette interm\u00e9diation multis\u00e9culaire dont nous sommes les h\u00e9ritiers.<\/p>\n<p>Aujourd&rsquo;hui, comment reconnecter la d\u00e9mocratie \u00e0 la r\u00e9alit\u00e9, comment \u00e9viter la langue de bois des corporatismes, des groupes de pression, comment restaurer le logos d\u00e9voy\u00e9 par mille lobbys et par la communication politique&#8230;. Nous pensons plus que jamais que le vrai changement a lieu dans la vision que nous avons de notre mat\u00e9riau\u00a0: le langage.<\/p>\n<p>Penser \u00e0 l&rsquo;heure d&rsquo;internet, les techniques du langage pour \u00e9viter leur instrumentalisation, accompagner les citoyens dans cette d\u00e9marche de r\u00e9appropriation du langage, saisir les nouveaux enjeux num\u00e9riques, mettre en sc\u00e8ne ces mutations par la fiction, telles sont les t\u00e2ches de l\u2019\u00e9crivain aujourd&rsquo;hui. (Je pense surtout \u00e0 nos vieilles d\u00e9mocraties, malades de l&rsquo;ultralib\u00e9ralisme.) C&rsquo;est de la sorte notamment que nous pourrons contribuer \u00e0 revivifier nos d\u00e9mocraties exsangues par cette narrativit\u00e9, cette d\u00e9mocratie narrative que certains observateurs le pr\u00e9conisent.<\/p>\n<p>Ces t\u00e2ches, j&rsquo;ai personnellement cherch\u00e9 \u00e0 les assurer sur deux plans\u00a0: d&rsquo;abord dans mon travail d&rsquo;\u00e9crivain en mettant en sc\u00e8ne dans mes romans le moment o\u00f9 la loi s&rsquo;inverse, devient simulacre, o\u00f9 les signes sont manipul\u00e9s. Ensuite en tant que militant associatif au sein de l&rsquo;Observatoire de la diversit\u00e9 culturelle \u00e0\u00a0travers le travail de reliaison (par des ateliers&#8230;) afin de r\u00e9approprier des techniques du langage pour identifier et retourner la formidable manipulation initi\u00e9e \u00e0 la fin des ann\u00e9es 80 afin de redevenir les acteurs de nos propres vies.<\/p>\n<p>Voil\u00e0 la ligne de front qui se dessine devant nous. Ce travail est immense. Nous ne serons pas trop sur le m\u00e9tier. A bon entendeur, salut.<\/p>\n<p>1 Pierre Bourdieu, Les r\u00e8gles de l&rsquo;Art, Seuil \u00ab\u00a0collection\u00a0\u00bbPoints\u00a0\u00bb.p 557<br \/>\n2 Paul Val\u00e9ry, Discours au Pen Club, in Oeuvres, Paris, Gallimard, Paris Collection \u00ab\u00a0La Pl\u00e9iade\u00a0\u00bb, Paris, 1957 p.1359.<br \/>\n3 Dante , Du Vulgaire illustre,<br \/>\n4 Albert Camus, L&rsquo;homme r\u00e9volt\u00e9, Gallimard, \u00abFolio\u00a0\u00bb , Paris, p.374.<br \/>\n5 Philippe Breton, La parole manipul\u00e9e, La D\u00e9couverte, Paris, 2000 p.38<br \/>\n6 \u00a0Jean-Jacques Rousseau, Du contrat Social, Garnier-Flammarion Paris 2006 p.45<\/p>\n<p>&nbsp;<\/p>\n<\/div>\n<p>&nbsp;<\/p>\n","protected":false},"excerpt":{"rendered":"<p>La 46e rencontre internationale des \u00e9crivains du Pen Club, s&rsquo;est tenue du 8 au 11 mai dernier \u00e0 Bled en Slov\u00e9nie\u00a0; une centaine de participants venus de quatre coins d&rsquo;Europe&hellip;<\/p>\n<p class=\"more-link-p\"><a class=\"more-link\" href=\"http:\/\/www.combats-magazine.org\/fr\/que-faire-pour-maintenir-une-culture-de-paix\/\">Lire plus &rarr;<\/a><\/p>\n","protected":false},"author":4,"featured_media":1484,"comment_status":"open","ping_status":"open","sticky":false,"template":"","format":"standard","meta":{"footnotes":""},"categories":[55,35,39],"tags":[410,80,411,409,412],"class_list":["post-1468","post","type-post","status-publish","format-standard","has-post-thumbnail","hentry","category-actualite","category-debats","category-essais","tag-bled","tag-diversite-culturelle","tag-ecrivians","tag-premiere-grande-guerre","tag-silence-des-intellectuels"],"_links":{"self":[{"href":"http:\/\/www.combats-magazine.org\/fr\/wp-json\/wp\/v2\/posts\/1468","targetHints":{"allow":["GET"]}}],"collection":[{"href":"http:\/\/www.combats-magazine.org\/fr\/wp-json\/wp\/v2\/posts"}],"about":[{"href":"http:\/\/www.combats-magazine.org\/fr\/wp-json\/wp\/v2\/types\/post"}],"author":[{"embeddable":true,"href":"http:\/\/www.combats-magazine.org\/fr\/wp-json\/wp\/v2\/users\/4"}],"replies":[{"embeddable":true,"href":"http:\/\/www.combats-magazine.org\/fr\/wp-json\/wp\/v2\/comments?post=1468"}],"version-history":[{"count":0,"href":"http:\/\/www.combats-magazine.org\/fr\/wp-json\/wp\/v2\/posts\/1468\/revisions"}],"wp:featuredmedia":[{"embeddable":true,"href":"http:\/\/www.combats-magazine.org\/fr\/wp-json\/wp\/v2\/media\/1484"}],"wp:attachment":[{"href":"http:\/\/www.combats-magazine.org\/fr\/wp-json\/wp\/v2\/media?parent=1468"}],"wp:term":[{"taxonomy":"category","embeddable":true,"href":"http:\/\/www.combats-magazine.org\/fr\/wp-json\/wp\/v2\/categories?post=1468"},{"taxonomy":"post_tag","embeddable":true,"href":"http:\/\/www.combats-magazine.org\/fr\/wp-json\/wp\/v2\/tags?post=1468"}],"curies":[{"name":"wp","href":"https:\/\/api.w.org\/{rel}","templated":true}]}}