{"id":1212,"date":"2014-04-28T13:06:56","date_gmt":"2014-04-28T11:06:56","guid":{"rendered":"http:\/\/www.combats-magazine.org\/fr\/?p=1212"},"modified":"2014-05-19T09:19:51","modified_gmt":"2014-05-19T07:19:51","slug":"urban-films-festival-du-7-au-11-mai","status":"publish","type":"post","link":"http:\/\/www.combats-magazine.org\/fr\/urban-films-festival-du-7-au-11-mai\/","title":{"rendered":"URBAN FILMS FESTIVAL : du 7 au 11 mai"},"content":{"rendered":"<p style=\"text-align: justify;\"><strong>La\u00a09\u00e8me \u00e9dition\u00a0du <a href=\"http:\/\/www.urbanfilmsfestival.com\/\" target=\"_blank\">Urban Films festival<\/a>\u00a0&#8211;\u00a0le 1er festival international de films consacr\u00e9 aux cultures urbaines en France-\u00a0se tiendra au\u00a0<a href=\"http:\/\/www.etoile-cinemas.com\/lilas\/\" target=\"_blank\">cin\u00e9ma Etoile Lilas <\/a>et au CENTQUATRE, \u00e0 Paris du 7 au 11 mai 2014.<\/strong><\/p>\n<p style=\"text-align: left;\"><a href=\"http:\/\/www.combats-magazine.org\/fr\/wp-content\/uploads\/2014\/04\/Urban_Films_Festival.jpg\" rel=\"http:\/\/www.combats-magazine.org\/fr\/?p=1212\"><img decoding=\"async\" class=\"alignleft wp-image-1213 size-medium\" title=\"Urban Films Festival\" src=\"http:\/\/www.combats-magazine.org\/fr\/wp-content\/uploads\/2014\/04\/Urban_Films_Festival-300x162.jpg\" alt=\"Urban_Films_Festival\" width=\"300\" height=\"162\" srcset=\"http:\/\/www.combats-magazine.org\/fr\/wp-content\/uploads\/2014\/04\/Urban_Films_Festival-300x162.jpg 300w, http:\/\/www.combats-magazine.org\/fr\/wp-content\/uploads\/2014\/04\/Urban_Films_Festival-560x302.jpg 560w, http:\/\/www.combats-magazine.org\/fr\/wp-content\/uploads\/2014\/04\/Urban_Films_Festival-260x140.jpg 260w, http:\/\/www.combats-magazine.org\/fr\/wp-content\/uploads\/2014\/04\/Urban_Films_Festival-160x86.jpg 160w, http:\/\/www.combats-magazine.org\/fr\/wp-content\/uploads\/2014\/04\/Urban_Films_Festival.jpg 640w\" sizes=\"(max-width: 300px) 100vw, 300px\" \/><\/a>Organis\u00e9 par\u00a0RStyle\u00a0et parrain\u00e9 par\u00a0Jamel Debbouze\u00a0et le\u00a0CNC, l&rsquo;Urban Films Festival est devenu une r\u00e9f\u00e9rence du paysage cin\u00e9matographique international. Il a permis la diffusion de\u00a0plusieurs centaines de films in\u00e9dits, invit\u00e9\u00a0une cinquantaine de r\u00e9alisateurs\u00a0et r\u00e9v\u00e9l\u00e9 une s\u00e9lection pointue \u00e0 un public de professionnels et d&rsquo;amateurs du 7eme art toujours plus nombreux.<\/p>\n<p style=\"text-align: left;\">Courts m\u00e9trages,\u00a0performances\u00a0et\u00a0documentaires\u00a0sont repr\u00e9sent\u00e9s. Le film urbain, cin\u00e9ma d&rsquo;un nouveau genre, est le reflet de notre quotidien et des histoires de notre soci\u00e9t\u00e9.\u00a0C&rsquo;est l&rsquo;expression de la vie dans la ville. L&rsquo;Urban Films Festival valorise et encourage l&rsquo;art audiovisuel sous toutes ses formes. C&rsquo;est une recherche de modernit\u00e9 permanente.<\/p>\n<p style=\"text-align: center;\"><strong>D\u00e9couvrez le teaser de l&rsquo;\u00e9dition 2014:\u00a0<\/strong><\/p>\n<p><iframe src=\"\/\/www.youtube.com\/embed\/IJWpWpsdvQM\" width=\"560\" height=\"315\" frameborder=\"0\" allowfullscreen=\"allowfullscreen\"><\/iframe><\/p>\n<p style=\"text-align: justify;\"><strong>\u00a0<\/strong><\/p>\n<p style=\"text-align: center;\">*** PROGRAMMATION ***<\/p>\n<p style=\"text-align: center;\"><strong><em>Mercredi 7 mai<\/em><\/strong><\/p>\n<p style=\"text-align: center;\"><strong>18h &#8211;<\/strong>\u00a0<a href=\"http:\/\/www.etoile-cinemas.com\/lilas\/film\/54929\"><strong>ENTRE CIEL ET TERRE<\/strong><\/a><\/p>\n<p style=\"text-align: center;\"><strong>\u2022\u00a0<a href=\"https:\/\/www.etoile-cinemas.com\/lilas\/reserver\/F54929\/D1399478400\/VO\"><em>R\u00e9server ma place<\/em><\/a>\u00a0<a href=\"https:\/\/www.etoile-cinemas.com\/lilas\/reserver\/F54929\/D1399478400\/VO\">\u2022<\/a><br \/>\n<\/strong><\/p>\n<p style=\"text-align: center;\"><strong>20h30 &#8211;<\/strong>\u00a0<a href=\"http:\/\/www.etoile-cinemas.com\/lilas\/film\/54931\"><strong>GRAFFITI DIXIT ART<\/strong><\/a><\/p>\n<p style=\"text-align: center;\"><strong>\u2022\u00a0<a href=\"https:\/\/www.etoile-cinemas.com\/lilas\/reserver\/F54931\/D1399487400\/VO\"><em>R\u00e9server ma place<\/em><\/a>\u00a0<a href=\"https:\/\/www.etoile-cinemas.com\/lilas\/reserver\/F54929\/D1399478400\/VO\">\u2022<\/a><\/strong><\/p>\n<p style=\"text-align: center;\"><strong>\u25a0<strong>\u25a0<\/strong><strong>\u25a0<\/strong><strong><strong>\u25a0<\/strong><strong>\u25a0<\/strong><strong>\u25a0<\/strong><\/strong><\/strong><\/p>\n<p style=\"text-align: center;\"><strong><em>Jeudi 8 mai<br \/>\n<\/em><\/strong><\/p>\n<p style=\"text-align: center;\"><strong>18h &#8211;<\/strong>\u00a0<a href=\"http:\/\/www.etoile-cinemas.com\/lilas\/film\/54933\"><strong>EVERYBODY STREET<\/strong><\/a><\/p>\n<p style=\"text-align: center;\"><strong>\u2022\u00a0<a href=\"https:\/\/www.etoile-cinemas.com\/lilas\/reserver\/F54933\/D1399564800\/VO\"><em>R\u00e9server ma place<\/em><\/a>\u00a0<a href=\"https:\/\/www.etoile-cinemas.com\/lilas\/reserver\/F54929\/D1399478400\/VO\">\u2022<\/a><\/strong><\/p>\n<p style=\"text-align: center;\"><strong>20h30 &#8211;<\/strong>\u00a0<a href=\"http:\/\/www.etoile-cinemas.com\/lilas\/film\/54935\"><strong>JAMEL SHABAZZ, STREET PHOTOGRAPHER<\/strong><\/a><\/p>\n<p style=\"text-align: center;\"><strong>\u2022\u00a0<a href=\"https:\/\/www.etoile-cinemas.com\/lilas\/reserver\/F54935\/D1399573800\/VO\"><em>R\u00e9server ma place<\/em><\/a>\u00a0<a href=\"https:\/\/www.etoile-cinemas.com\/lilas\/reserver\/F54929\/D1399478400\/VO\">\u2022<\/a><\/strong><\/p>\n<p style=\"text-align: center;\"><strong>\u25a0<strong>\u25a0<\/strong><strong>\u25a0<\/strong><strong><strong>\u25a0<\/strong><strong>\u25a0<\/strong><strong>\u25a0<\/strong><\/strong><\/strong><\/p>\n<p style=\"text-align: center;\"><strong><em>Vendredi 9 mai<br \/>\n<\/em><\/strong><\/p>\n<p style=\"text-align: center;\"><strong>18h &#8211;\u00a0<a href=\"http:\/\/www.etoile-cinemas.com\/lilas\/film\/55057\">MADE IN JAMAICA<\/a><\/strong><\/p>\n<p style=\"text-align: center;\"><strong>\u2022\u00a0<a href=\"https:\/\/www.etoile-cinemas.com\/lilas\/reserver\/F55057\/D1399651200\/VF\"><em>R\u00e9server ma place<\/em><\/a>\u00a0<a href=\"https:\/\/www.etoile-cinemas.com\/lilas\/reserver\/F54929\/D1399478400\/VO\">\u2022<\/a><\/strong><\/p>\n<p style=\"text-align: center;\"><strong>20h30 &#8211;<\/strong>\u00a0<a href=\"http:\/\/www.etoile-cinemas.com\/lilas\/film\/54937\"><strong>MUSICALLY MAD<\/strong><\/a><\/p>\n<p style=\"text-align: center;\"><strong>\u2022\u00a0<a href=\"https:\/\/www.etoile-cinemas.com\/lilas\/reserver\/F54937\/D1399660200\/VO\"><em>R\u00e9server ma place<\/em><\/a>\u00a0<a href=\"https:\/\/www.etoile-cinemas.com\/lilas\/reserver\/F54929\/D1399478400\/VO\">\u2022<\/a><\/strong><\/p>\n<p style=\"text-align: center;\"><strong>\u25a0<strong>\u25a0<\/strong><strong>\u25a0<\/strong><strong><strong>\u25a0<\/strong><strong>\u25a0<\/strong><strong>\u25a0<\/strong><\/strong><\/strong><\/p>\n<p style=\"text-align: center;\"><strong><em>Samedi 10 mai<br \/>\n<\/em><\/strong><\/p>\n<p style=\"text-align: center;\"><strong>14h &#8211;<\/strong>\u00a0<a href=\"http:\/\/www.etoile-cinemas.com\/lilas\/film\/54939\"><strong>s\u00e9ance s\u00e9lection officielle documentaire 1<\/strong><\/a><\/p>\n<p style=\"text-align: center;\"><strong>\u2022\u00a0<a href=\"https:\/\/www.etoile-cinemas.com\/lilas\/reserver\/F54939\/D1399723200\/VO\"><em>R\u00e9server ma place<\/em><\/a>\u00a0<a href=\"https:\/\/www.etoile-cinemas.com\/lilas\/reserver\/F54929\/D1399478400\/VO\">\u2022<\/a><\/strong><\/p>\n<p style=\"text-align: center;\"><strong>16h30 &#8211;\u00a0<a href=\"http:\/\/www.etoile-cinemas.com\/lilas\/film\/54941\">s\u00e9ance s\u00e9lection officielle documentaire 2<\/a><br \/>\n<\/strong><\/p>\n<p style=\"text-align: center;\"><strong>\u2022\u00a0<a href=\"https:\/\/www.etoile-cinemas.com\/lilas\/reserver\/F54941\/D1399732200\/VO\"><em>R\u00e9server ma place<\/em><\/a>\u00a0<a href=\"https:\/\/www.etoile-cinemas.com\/lilas\/reserver\/F54929\/D1399478400\/VO\">\u2022<\/a><\/strong><\/p>\n<p style=\"text-align: center;\"><strong>18h30 &#8211;\u00a0<a href=\"http:\/\/www.etoile-cinemas.com\/lilas\/film\/55049\">s\u00e9ance s\u00e9lection officielle documentaire 3<\/a><br \/>\n<\/strong><\/p>\n<p style=\"text-align: center;\"><strong>\u2022\u00a0<a href=\"https:\/\/www.etoile-cinemas.com\/lilas\/reserver\/F55049\/D1399739400\/VO\"><em>R\u00e9server ma place<\/em><\/a>\u00a0<a href=\"https:\/\/www.etoile-cinemas.com\/lilas\/reserver\/F54929\/D1399478400\/VO\">\u2022<\/a><\/strong><\/p>\n<p style=\"text-align: center;\"><strong>20h30 &#8211;\u00a0<a href=\"http:\/\/www.etoile-cinemas.com\/lilas\/film\/55121\">s\u00e9ance s\u00e9lection officielle docu-fiction<\/a><br \/>\n<\/strong><\/p>\n<p style=\"text-align: center;\"><strong>\u2022\u00a0<a href=\"https:\/\/www.etoile-cinemas.com\/lilas\/reserver\/F55121\/D1399746600\/VO\"><em>R\u00e9server ma place<\/em><\/a>\u00a0<a href=\"https:\/\/www.etoile-cinemas.com\/lilas\/reserver\/F54929\/D1399478400\/VO\">\u2022<\/a><\/strong><\/p>\n<p style=\"text-align: center;\"><strong>22h30 &#8211;\u00a0<a href=\"http:\/\/www.etoile-cinemas.com\/lilas\/film\/55051\">s\u00e9ance s\u00e9lection officielle documentaire 4<\/a><br \/>\n<\/strong><\/p>\n<p style=\"text-align: center;\"><strong>\u2022\u00a0<a href=\"https:\/\/www.etoile-cinemas.com\/lilas\/reserver\/F55051\/D1399753800\/VO\"><em>R\u00e9server ma place<\/em><\/a>\u00a0<a href=\"https:\/\/www.etoile-cinemas.com\/lilas\/reserver\/F54929\/D1399478400\/VO\">\u2022<\/a><\/strong><\/p>\n<p style=\"text-align: center;\"><strong>\u25a0<strong>\u25a0<\/strong><strong>\u25a0<\/strong><strong><strong>\u25a0<\/strong><strong>\u25a0<\/strong><strong>\u25a0<\/strong><\/strong><\/strong><\/p>\n<p style=\"text-align: center;\"><strong><em><strong><em>Dimanche 11 mai<br \/>\n<\/em><\/strong><\/em><\/strong><\/p>\n<p style=\"text-align: center;\"><strong>14h &#8211;\u00a0<a href=\"http:\/\/www.etoile-cinemas.com\/lilas\/film\/55053\">s\u00e9ance s\u00e9lection officielle fiction \/ performance 1<\/a><\/strong><\/p>\n<p style=\"text-align: center;\"><strong>\u2022\u00a0<a href=\"https:\/\/www.etoile-cinemas.com\/lilas\/reserver\/F55053\/D1399809600\/VO\"><em>R\u00e9server ma place<\/em><\/a>\u00a0<a href=\"https:\/\/www.etoile-cinemas.com\/lilas\/reserver\/F54929\/D1399478400\/VO\">\u2022<\/a><\/strong><\/p>\n<p style=\"text-align: center;\"><strong>16h30 &#8211;\u00a0<a href=\"http:\/\/www.etoile-cinemas.com\/lilas\/film\/55061\">s\u00e9ance s\u00e9lection officielle fiction \/ performance 2<\/a><\/strong><\/p>\n<p style=\"text-align: center;\"><strong>\u2022\u00a0<a href=\"https:\/\/www.etoile-cinemas.com\/lilas\/reserver\/F55061\/D1399818600\/VO\"><em>R\u00e9server ma place<\/em><\/a>\u00a0<a href=\"https:\/\/www.etoile-cinemas.com\/lilas\/reserver\/F54929\/D1399478400\/VO\">\u2022<\/a><\/strong><\/p>\n","protected":false},"excerpt":{"rendered":"<p>La\u00a09\u00e8me \u00e9dition\u00a0du Urban Films festival\u00a0&#8211;\u00a0le 1er festival international de films consacr\u00e9 aux cultures urbaines en France-\u00a0se tiendra au\u00a0cin\u00e9ma Etoile Lilas et au CENTQUATRE, \u00e0 Paris du 7 au 11 mai&hellip;<\/p>\n<p class=\"more-link-p\"><a class=\"more-link\" href=\"http:\/\/www.combats-magazine.org\/fr\/urban-films-festival-du-7-au-11-mai\/\">Lire plus &rarr;<\/a><\/p>\n","protected":false},"author":23,"featured_media":1213,"comment_status":"open","ping_status":"open","sticky":false,"template":"","format":"standard","meta":{"footnotes":""},"categories":[38],"tags":[28,182],"class_list":["post-1212","post","type-post","status-publish","format-standard","has-post-thumbnail","hentry","category-cinema-critique","tag-cinema-2","tag-festival"],"_links":{"self":[{"href":"http:\/\/www.combats-magazine.org\/fr\/wp-json\/wp\/v2\/posts\/1212","targetHints":{"allow":["GET"]}}],"collection":[{"href":"http:\/\/www.combats-magazine.org\/fr\/wp-json\/wp\/v2\/posts"}],"about":[{"href":"http:\/\/www.combats-magazine.org\/fr\/wp-json\/wp\/v2\/types\/post"}],"author":[{"embeddable":true,"href":"http:\/\/www.combats-magazine.org\/fr\/wp-json\/wp\/v2\/users\/23"}],"replies":[{"embeddable":true,"href":"http:\/\/www.combats-magazine.org\/fr\/wp-json\/wp\/v2\/comments?post=1212"}],"version-history":[{"count":0,"href":"http:\/\/www.combats-magazine.org\/fr\/wp-json\/wp\/v2\/posts\/1212\/revisions"}],"wp:featuredmedia":[{"embeddable":true,"href":"http:\/\/www.combats-magazine.org\/fr\/wp-json\/wp\/v2\/media\/1213"}],"wp:attachment":[{"href":"http:\/\/www.combats-magazine.org\/fr\/wp-json\/wp\/v2\/media?parent=1212"}],"wp:term":[{"taxonomy":"category","embeddable":true,"href":"http:\/\/www.combats-magazine.org\/fr\/wp-json\/wp\/v2\/categories?post=1212"},{"taxonomy":"post_tag","embeddable":true,"href":"http:\/\/www.combats-magazine.org\/fr\/wp-json\/wp\/v2\/tags?post=1212"}],"curies":[{"name":"wp","href":"https:\/\/api.w.org\/{rel}","templated":true}]}}