{"id":1196,"date":"2014-04-28T12:09:01","date_gmt":"2014-04-28T10:09:01","guid":{"rendered":"http:\/\/www.combats-magazine.org\/fr\/?p=1196"},"modified":"2014-05-19T09:21:14","modified_gmt":"2014-05-19T07:21:14","slug":"ubuntu-time-le-nouveau-rendez-vous-musical-et-culturel-mensuel-autour-de-lafrique","status":"publish","type":"post","link":"http:\/\/www.combats-magazine.org\/fr\/ubuntu-time-le-nouveau-rendez-vous-musical-et-culturel-mensuel-autour-de-lafrique\/","title":{"rendered":"Ubuntu Time : le nouveau rendez-vous musical et culturel mensuel autour de l&rsquo;Afrique"},"content":{"rendered":"<div style=\"text-align: justify;\"><strong>UBUNTU TIME A LA BELLEVILLOISE<\/strong><\/div>\n<div style=\"text-align: justify;\"><strong>\u00a0<\/strong><\/div>\n<div style=\"text-align: justify;\"><strong>Dans le sillage de l\u2019\u00e9v\u00e9nement musical \u00ab\u00a0Siyabonga Mandela\u00a0\u00bb (18 d\u00e9cembre 2013)\u00a0 et du Concert de solidarit\u00e9 avec la Centrafrique (10 mars 2014), <a href=\"http:\/\/www.irea-institut.org\/\" target=\"_blank\">l&rsquo;IREA-Maison de l&rsquo;Afrique<\/a> en partenariat avec <a href=\"http:\/\/www.africatimeforpeace.com\/tablet\/index.html\" target=\"_blank\">Africa Time For Peace<\/a>, lance\u00a0ce mardi 29 avril (\u00e0 20h pr\u00e9cises \u00e0 la <a href=\"http:\/\/www.labellevilloise.com\/\" target=\"_blank\">Bellevilloise<\/a>),\u00a0Ubuntu Time-le nouveau rendez-vous musical et culturel\u00a0mensuel\u00a0autour de l&rsquo;Afrique.\u00a0<\/strong><\/div>\n<div style=\"text-align: justify;\"><\/div>\n<div style=\"text-align: justify;\"><a href=\"http:\/\/www.combats-magazine.org\/fr\/wp-content\/uploads\/2014\/04\/Affiche-Ubuntu-TimeCARRE-180x180.jpg\"><img decoding=\"async\" class=\"alignleft size-thumbnail wp-image-1198\" src=\"http:\/\/www.combats-magazine.org\/fr\/wp-content\/uploads\/2014\/04\/Affiche-Ubuntu-TimeCARRE-180x180-150x150.jpg\" alt=\"Affiche-Ubuntu-TimeCARRE-180x180\" width=\"150\" height=\"150\" srcset=\"http:\/\/www.combats-magazine.org\/fr\/wp-content\/uploads\/2014\/04\/Affiche-Ubuntu-TimeCARRE-180x180-150x150.jpg 150w, http:\/\/www.combats-magazine.org\/fr\/wp-content\/uploads\/2014\/04\/Affiche-Ubuntu-TimeCARRE-180x180-160x160.jpg 160w, http:\/\/www.combats-magazine.org\/fr\/wp-content\/uploads\/2014\/04\/Affiche-Ubuntu-TimeCARRE-180x180.jpg 180w\" sizes=\"(max-width: 150px) 100vw, 150px\" \/><\/a><\/div>\n<div style=\"text-align: justify;\"><\/div>\n<div><\/div>\n<div style=\"text-align: justify;\">Chaque session sera l&rsquo;occasion de faire la f\u00eate mais \u00e9galement \u00e0 travers une programmation musicale sp\u00e9ciale de partir \u00e0 la d\u00e9couverte des cr\u00e9ations culturelles et musicales d&rsquo;un pays ou d&rsquo;une r\u00e9gion.<\/div>\n<div style=\"text-align: justify;\">\n<div><\/div>\n<div><strong>Au programme ce mardi 29 avril:\u00a0<\/strong>So Kalmery, Fantani Tour\u00e9, Erik Aliana, Sista Clarisse et quelques invit\u00e9s surprises.<\/div>\n<div><\/div>\n<div><\/div>\n<\/div>\n<div style=\"text-align: justify;\"><\/div>\n<div style=\"text-align: justify;\">\n<ul>\n<li><strong style=\"letter-spacing: 0.05em;\">FANTANI TOURE<\/strong><span style=\"letter-spacing: 0.05em;\">\u00a0est avant tout une voix belle et vibrante, une voix qui r\u00e9sonne comme un cri. Celle d&rsquo;une femme qui a remport\u00e9 une victoire, contre les pr\u00e9jug\u00e9s, contre le silence, contre le d\u00e9couragement &#8230; Ses morceaux sont des chansons populaires de rues, des pri\u00e8res traditionnelles, des chansons d&rsquo;amour, mais aussi des appels \u00e0 l&rsquo;unit\u00e9 des femmes africaines.<\/span><\/li>\n<li><strong style=\"letter-spacing: 0.05em;\">ERIK ALIANA:\u00a0<\/strong>Chanteur, multi-instrumentiste et auteur-compositeur, Erik Aliana a grandi entre Yaound\u00e9 et Badissa, le village d&rsquo;o\u00f9 il est originaire dans la province du Centre-Cameroun. Utilisant des instruments traditionnels comme le mvet, le balafon, la sanza, l&rsquo;eworo et autres percussions, le talent d&rsquo;Erik Aliana s&rsquo;exprime dans le m\u00e9lange des genres et des \u00e9poques lorsqu&rsquo;il m\u00eale polyrythmies traditionnelles \u00e0 une basse jazzy, des touches funk ou cha cha cha&#8230;<\/li>\n<li><strong style=\"letter-spacing: 0.05em;\">SO KALMERY\u00a0<\/strong>est originaire de l&rsquo;est de la R\u00e9publique D\u00e9mocratique du Congo. Musicien prodige, voyageur insatiable, po\u00e8te, chanteur et danseur \u00e0 la recherche des racines et des valeurs de l&rsquo;humanit\u00e9, So Kalmery est un personnage atypique et mystique, qui joue une musique qui d\u00e9fie les \u00e9tiquettes et qui se trouve \u00e0 la crois\u00e9e du blues, du folk, de la soul et de la chanson : c&rsquo;est le brakka&#8230;<\/li>\n<li><strong style=\"letter-spacing: 0.05em;\">SISTA CLARISSE\u00a0<\/strong>est, depuis son plus jeune \u00e2ge, fascin\u00e9e par la musique. C&rsquo;est dans l&rsquo;effervescence des sounds systems parisiens et avec l&rsquo;arriv\u00e9e du ragga muffin que Clarisse devient progressivement reconnue. C&rsquo;est entre force et fragilit\u00e9 et gr\u00e2ce \u00e0 la diversit\u00e9 des \u00e9motions perceptibles dans sa voix qu&rsquo;elle nous fait voyager, voguant entre harmonie et chaos. Clarisse est une artiste pleine d&rsquo;\u00e9nergie et de cr\u00e9ativit\u00e9.<\/li>\n<\/ul>\n<\/div>\n<div style=\"text-align: justify;\"><\/div>\n<div style=\"text-align: justify;\"><strong>Informations pratiques:<\/strong><\/div>\n<div style=\"text-align: justify;\">L&rsquo;entr\u00e9e est \u00e0 20 euros. Possibilit\u00e9 de b\u00e9n\u00e9ficier d&rsquo;un tarif pr\u00e9f\u00e9rentiel en achetant votre billet en ligne<a href=\"http:\/\/www.digitick.com\/ubuntu-time-concert-la-bellevilloise-paris-29-avril-2014-css4-labellevilloise-pg101-ri2441384.html\" target=\"_blank\"> en cliquant sur ce lien. \u00a0<\/a><\/div>\n","protected":false},"excerpt":{"rendered":"<p>UBUNTU TIME A LA BELLEVILLOISE \u00a0 Dans le sillage de l\u2019\u00e9v\u00e9nement musical \u00ab\u00a0Siyabonga Mandela\u00a0\u00bb (18 d\u00e9cembre 2013)\u00a0 et du Concert de solidarit\u00e9 avec la Centrafrique (10 mars 2014), l&rsquo;IREA-Maison de&hellip;<\/p>\n<p class=\"more-link-p\"><a class=\"more-link\" href=\"http:\/\/www.combats-magazine.org\/fr\/ubuntu-time-le-nouveau-rendez-vous-musical-et-culturel-mensuel-autour-de-lafrique\/\">Lire plus &rarr;<\/a><\/p>\n","protected":false},"author":23,"featured_media":1198,"comment_status":"open","ping_status":"open","sticky":false,"template":"","format":"standard","meta":{"footnotes":""},"categories":[400,40],"tags":[353,404,403],"class_list":["post-1196","post","type-post","status-publish","format-standard","has-post-thumbnail","hentry","category-focus-sur","category-musiques","tag-afrique","tag-culturel","tag-musique"],"_links":{"self":[{"href":"http:\/\/www.combats-magazine.org\/fr\/wp-json\/wp\/v2\/posts\/1196","targetHints":{"allow":["GET"]}}],"collection":[{"href":"http:\/\/www.combats-magazine.org\/fr\/wp-json\/wp\/v2\/posts"}],"about":[{"href":"http:\/\/www.combats-magazine.org\/fr\/wp-json\/wp\/v2\/types\/post"}],"author":[{"embeddable":true,"href":"http:\/\/www.combats-magazine.org\/fr\/wp-json\/wp\/v2\/users\/23"}],"replies":[{"embeddable":true,"href":"http:\/\/www.combats-magazine.org\/fr\/wp-json\/wp\/v2\/comments?post=1196"}],"version-history":[{"count":0,"href":"http:\/\/www.combats-magazine.org\/fr\/wp-json\/wp\/v2\/posts\/1196\/revisions"}],"wp:featuredmedia":[{"embeddable":true,"href":"http:\/\/www.combats-magazine.org\/fr\/wp-json\/wp\/v2\/media\/1198"}],"wp:attachment":[{"href":"http:\/\/www.combats-magazine.org\/fr\/wp-json\/wp\/v2\/media?parent=1196"}],"wp:term":[{"taxonomy":"category","embeddable":true,"href":"http:\/\/www.combats-magazine.org\/fr\/wp-json\/wp\/v2\/categories?post=1196"},{"taxonomy":"post_tag","embeddable":true,"href":"http:\/\/www.combats-magazine.org\/fr\/wp-json\/wp\/v2\/tags?post=1196"}],"curies":[{"name":"wp","href":"https:\/\/api.w.org\/{rel}","templated":true}]}}