{"id":1186,"date":"2014-04-24T14:23:43","date_gmt":"2014-04-24T12:23:43","guid":{"rendered":"http:\/\/www.combats-magazine.org\/fr\/?p=1186"},"modified":"2014-05-19T09:21:36","modified_gmt":"2014-05-19T07:21:36","slug":"9e-edition-du-panorama-des-cinemas-du-maghreb-et-du-moyen-orient","status":"publish","type":"post","link":"http:\/\/www.combats-magazine.org\/fr\/9e-edition-du-panorama-des-cinemas-du-maghreb-et-du-moyen-orient\/","title":{"rendered":"9e \u00e9dition du Panorama des cin\u00e9mas du Maghreb et du Moyen-Orient"},"content":{"rendered":"<p style=\"text-align: justify;\"><strong>La 9e\u00a0\u00e9dition du <a href=\"http:\/\/www.pcmmo.org\/\" target=\"_blank\">Panorama des Cin\u00e9mas du Maghreb et du Moyen-Orient<\/a> se tiendra du 29 avril au 11 mai 2014\u00a0<\/strong><strong>au<a href=\"http:\/\/www.lecranstdenis.org\/\" target=\"_blank\"> cin\u00e9ma l&rsquo;Ecran<\/a> de Saint-Denis, ainsi que dans sept autres salles partenaires \u00e0 Paris. <\/strong><br \/>\n<strong>Spectateurs et professionnels pourront y d\u00e9couvrir une s\u00e9lection de 40 films aussi vari\u00e9s par leurs esth\u00e9tiques que par <\/strong><strong>leurs th\u00e9matiques, en pr\u00e9sence des cin\u00e9astes invit\u00e9(e)s. Comme chaque ann\u00e9e, le Panorama s\u2019enrichira de nombreux rendez-vous chaleureux et passionn\u00e9s : Tables rondes et rencontres professionnelles ouvertes au public, rencontres litt\u00e9raires, concerts et rendez-vous gastronomique. \u00a0<\/strong><\/p>\n<p style=\"text-align: justify;\"><a href=\"http:\/\/www.combats-magazine.org\/fr\/wp-content\/uploads\/2014\/04\/panorama-des-cinemas-du-maghreb-et-du-mo-w362.jpg\"><img fetchpriority=\"high\" decoding=\"async\" class=\"alignleft size-medium wp-image-1187\" src=\"http:\/\/www.combats-magazine.org\/fr\/wp-content\/uploads\/2014\/04\/panorama-des-cinemas-du-maghreb-et-du-mo-w362-200x300.jpg\" alt=\"panorama-des-cinemas-du-maghreb-et-du-mo-w362\" width=\"200\" height=\"300\" srcset=\"http:\/\/www.combats-magazine.org\/fr\/wp-content\/uploads\/2014\/04\/panorama-des-cinemas-du-maghreb-et-du-mo-w362-200x300.jpg 200w, http:\/\/www.combats-magazine.org\/fr\/wp-content\/uploads\/2014\/04\/panorama-des-cinemas-du-maghreb-et-du-mo-w362-682x1024.jpg 682w, http:\/\/www.combats-magazine.org\/fr\/wp-content\/uploads\/2014\/04\/panorama-des-cinemas-du-maghreb-et-du-mo-w362-560x839.jpg 560w, http:\/\/www.combats-magazine.org\/fr\/wp-content\/uploads\/2014\/04\/panorama-des-cinemas-du-maghreb-et-du-mo-w362-260x389.jpg 260w, http:\/\/www.combats-magazine.org\/fr\/wp-content\/uploads\/2014\/04\/panorama-des-cinemas-du-maghreb-et-du-mo-w362-160x239.jpg 160w, http:\/\/www.combats-magazine.org\/fr\/wp-content\/uploads\/2014\/04\/panorama-des-cinemas-du-maghreb-et-du-mo-w362.jpg 713w\" sizes=\"(max-width: 200px) 100vw, 200px\" \/><\/a>Cr\u00e9\u00e9 en 2006 \u00e0 Saint-Denis (93), le Panorama des cin\u00e9mas du Maghreb et du Moyen-Orient est un festival cin\u00e9matographique international ancr\u00e9 dans le paysage culturel d\u2019\u00cele-de-France. La manifestation est organis\u00e9e par l&rsquo;association Indig\u00e8nes Films en partenariat avec le cin\u00e9ma l&rsquo;\u00c9cran de Saint-Denis, avec le soutien de la ville de Saint-Denis, du Conseil g\u00e9n\u00e9ral de Seine-Saint-Denis et de la R\u00e9gion \u00cele-de-France.<\/p>\n<p style=\"text-align: justify;\">En cette p\u00e9riode de mutation extraordinaire, ce rendez-vous annuel ambitionne de montrer une s\u00e9lection de films &#8211; longs et courts m\u00e9trages de fiction et documentaires &#8211; du Maroc, d&rsquo;Alg\u00e9rie, de Tunisie, de Palestine, du Liban, d&rsquo;Egypte, de Syrie et des diasporas dans le monde, repr\u00e9sentatifs de la cr\u00e9ation cin\u00e9matographique de ces pays en pleine \u00e9bullition. Son objectif est de permettre au grand public et aux professionnels de d\u00e9couvrir ces cin\u00e9matographies complexes qui s&rsquo;inventent entre deux, voire plusieurs pays, et d&rsquo;aider les films pr\u00e9sent\u00e9s &#8211; qui restent, le plus souvent, invisibles sur nos \u00e9crans &#8211; \u00e0 trouver un distributeur sur notre territoire.<\/p>\n<p style=\"text-align: justify;\"><strong>Bande-annonce:<\/strong><\/p>\n<p><iframe src=\"\/\/www.dailymotion.com\/embed\/video\/x1hqyhn\" width=\"480\" height=\"270\" frameborder=\"0\" allowfullscreen=\"allowfullscreen\"><\/iframe><\/p>\n<p><strong>Film de lancement :<\/strong>\u00a0<em>Microphone<\/em> de Ahmad Abdalla (Egypte\/2010\/1h55\/Fiction)<\/p>\n<p><em><a href=\"http:\/\/www.combats-magazine.org\/fr\/wp-content\/uploads\/2014\/04\/microphone-poster.jpg\"><img decoding=\"async\" class=\"alignleft size-medium wp-image-1188\" src=\"http:\/\/www.combats-magazine.org\/fr\/wp-content\/uploads\/2014\/04\/microphone-poster-300x196.jpg\" alt=\"microphone-poster\" width=\"300\" height=\"196\" srcset=\"http:\/\/www.combats-magazine.org\/fr\/wp-content\/uploads\/2014\/04\/microphone-poster-300x196.jpg 300w, http:\/\/www.combats-magazine.org\/fr\/wp-content\/uploads\/2014\/04\/microphone-poster-260x170.jpg 260w, http:\/\/www.combats-magazine.org\/fr\/wp-content\/uploads\/2014\/04\/microphone-poster-160x104.jpg 160w, http:\/\/www.combats-magazine.org\/fr\/wp-content\/uploads\/2014\/04\/microphone-poster.jpg 500w\" sizes=\"(max-width: 300px) 100vw, 300px\" \/><\/a><\/em><\/p>\n<p>&nbsp;<\/p>\n<p><em>Khaled retourne \u00e0 Alexandrie apr\u00e8s des ann\u00e9es d&rsquo;absence. Par pure co\u00efncidence, Il rencontre des chanteurs de Hip Hop sur le trottoir, des musiciens de Rock sur les toits d&rsquo;anciens b\u00e2timents, et des jeunes qui peignent des panneaux de Graffiti sur les murs la nuit.<\/em><\/p>\n<p>Mardi 29 avril \u00e0 20h00 au Cin\u00e9ma l\u2019Ecran, Saint-Denis<br \/>\nSoir\u00e9e en partenariat avec l\u2019IMA<\/p>\n<p><strong>Informations pratiques:\u00a0<\/strong><\/p>\n<p><span style=\"text-decoration: underline;\">Les salles o\u00f9 se d\u00e9roule le Panorama :<\/span> Saint-Denis &#8211;<strong> L\u2019\u00c9cran<\/strong> (93). Paris &#8211;<strong> L\u2019Entrep\u00f4t<\/strong> (14e)-\u00a0<strong>Le Louxor<\/strong> (10e).Seine-Saint-Denis (93) &#8211; <strong>Espace 1789<\/strong> Saint-Ouen &#8211;\u00a0<strong>Le Trianon<\/strong> Romainville Noisy-Le-Sec &#8211; <strong>L&rsquo;Etoile<\/strong> La Courneuve &#8211;\u00a0<strong>Le <\/strong><br \/>\n<strong>Studio<\/strong> d&rsquo;Aubervilliers.<\/p>\n<p><span style=\"text-decoration: underline;\">Les tarifs :<\/span> L\u2019\u00c9cran de Saint-Denis : 7 \u20ac \/ 6 \u20ac tarif r\u00e9duit \/ 4,50 \u20ac abonn\u00e9s \/ 14 \u20ac forfait 4 s\u00e9ances + film de cl\u00f4ture ;<br \/>\nCin\u00e9mas partenaires : Tarifs habituels des salles.<\/p>\n<p><span style=\"text-decoration: underline;\">Site internet:<\/span>\u00a0http:\/\/www.pcmmo.org\/<\/p>\n","protected":false},"excerpt":{"rendered":"<p>La 9e\u00a0\u00e9dition du Panorama des Cin\u00e9mas du Maghreb et du Moyen-Orient se tiendra du 29 avril au 11 mai 2014\u00a0au cin\u00e9ma l&rsquo;Ecran de Saint-Denis, ainsi que dans sept autres salles&hellip;<\/p>\n<p class=\"more-link-p\"><a class=\"more-link\" href=\"http:\/\/www.combats-magazine.org\/fr\/9e-edition-du-panorama-des-cinemas-du-maghreb-et-du-moyen-orient\/\">Lire plus &rarr;<\/a><\/p>\n","protected":false},"author":23,"featured_media":1187,"comment_status":"open","ping_status":"open","sticky":false,"template":"","format":"standard","meta":{"footnotes":""},"categories":[38],"tags":[28,357,358],"class_list":["post-1186","post","type-post","status-publish","format-standard","has-post-thumbnail","hentry","category-cinema-critique","tag-cinema-2","tag-maghreb","tag-moyen-orient"],"_links":{"self":[{"href":"http:\/\/www.combats-magazine.org\/fr\/wp-json\/wp\/v2\/posts\/1186","targetHints":{"allow":["GET"]}}],"collection":[{"href":"http:\/\/www.combats-magazine.org\/fr\/wp-json\/wp\/v2\/posts"}],"about":[{"href":"http:\/\/www.combats-magazine.org\/fr\/wp-json\/wp\/v2\/types\/post"}],"author":[{"embeddable":true,"href":"http:\/\/www.combats-magazine.org\/fr\/wp-json\/wp\/v2\/users\/23"}],"replies":[{"embeddable":true,"href":"http:\/\/www.combats-magazine.org\/fr\/wp-json\/wp\/v2\/comments?post=1186"}],"version-history":[{"count":0,"href":"http:\/\/www.combats-magazine.org\/fr\/wp-json\/wp\/v2\/posts\/1186\/revisions"}],"wp:featuredmedia":[{"embeddable":true,"href":"http:\/\/www.combats-magazine.org\/fr\/wp-json\/wp\/v2\/media\/1187"}],"wp:attachment":[{"href":"http:\/\/www.combats-magazine.org\/fr\/wp-json\/wp\/v2\/media?parent=1186"}],"wp:term":[{"taxonomy":"category","embeddable":true,"href":"http:\/\/www.combats-magazine.org\/fr\/wp-json\/wp\/v2\/categories?post=1186"},{"taxonomy":"post_tag","embeddable":true,"href":"http:\/\/www.combats-magazine.org\/fr\/wp-json\/wp\/v2\/tags?post=1186"}],"curies":[{"name":"wp","href":"https:\/\/api.w.org\/{rel}","templated":true}]}}