{"id":1108,"date":"2014-01-31T18:41:53","date_gmt":"2014-01-31T16:41:53","guid":{"rendered":"http:\/\/www.combats-magazine.org\/fr\/?p=1108"},"modified":"2014-05-05T14:16:09","modified_gmt":"2014-05-05T12:16:09","slug":"fipa-2014-israel-ses-demons-et-la-souffrance-tue-des-palestiniens","status":"publish","type":"post","link":"http:\/\/www.combats-magazine.org\/fr\/fipa-2014-israel-ses-demons-et-la-souffrance-tue-des-palestiniens\/","title":{"rendered":"FIPA 2014: Isra\u00ebl, ses d\u00e9mons et la souffrance tue des Palestiniens"},"content":{"rendered":"<p style=\"text-align: justify;\">\n<div id=\"attachment_1125\" style=\"width: 967px\" class=\"wp-caption alignleft\"><a href=\"http:\/\/www.combats-magazine.org\/fr\/wp-content\/uploads\/2014\/01\/farwell.png\"><img fetchpriority=\"high\" decoding=\"async\" aria-describedby=\"caption-attachment-1125\" class=\"size-full wp-image-1125\" src=\"http:\/\/www.combats-magazine.org\/fr\/wp-content\/uploads\/2014\/01\/farwell.png\" alt=\"Farwell  Herr Schartz\" width=\"957\" height=\"541\" srcset=\"http:\/\/www.combats-magazine.org\/fr\/wp-content\/uploads\/2014\/01\/farwell.png 957w, http:\/\/www.combats-magazine.org\/fr\/wp-content\/uploads\/2014\/01\/farwell-300x169.png 300w, http:\/\/www.combats-magazine.org\/fr\/wp-content\/uploads\/2014\/01\/farwell-560x316.png 560w, http:\/\/www.combats-magazine.org\/fr\/wp-content\/uploads\/2014\/01\/farwell-260x146.png 260w, http:\/\/www.combats-magazine.org\/fr\/wp-content\/uploads\/2014\/01\/farwell-160x90.png 160w\" sizes=\"(max-width: 957px) 100vw, 957px\" \/><\/a><p id=\"caption-attachment-1125\" class=\"wp-caption-text\">Farwell Herr Schartz<\/p><\/div>\n<p style=\"text-align: justify;\"><span style=\"color: #000000;\">\u00ab Il est maintenant temps de faire le point : 80 films en tant qu\u2019acteur, 16 films en tant que\u00a0<\/span><span style=\"color: #000000;\">r\u00e9alisateur, 9 oscars, 4 mariages, 3 tentatives de suicide, 3 ans en h\u00f4pital psychiatrique, un\u00a0<\/span><span style=\"color: #000000;\">corps qui p\u00e8se 130 kilos\u2026 un p\u00e8re avec un seul \u0153il\u2026 \u00bb Avec ces mots commence Hashayim\u00a0<\/span><span style=\"color: #000000;\">Keshmua, ou <em>La vie comme une rumeur<\/em> (Life as a rumor), le documentaire sur la vie d\u2019Assi\u00a0<\/span><em id=\"__mceDel\" style=\"letter-spacing: 0.05em; line-height: 1.6875;\"><em id=\"__mceDel\"><em id=\"__mceDel\"><em id=\"__mceDel\"><em id=\"__mceDel\"><span style=\"color: #000000;\">Dayan, le fils de Moshe.<\/span><\/em><\/em><\/em><\/em><\/em><\/p>\n<p style=\"text-align: justify;\"><em id=\"__mceDel\" style=\"letter-spacing: 0.05em; line-height: 1.6875;\"><em id=\"__mceDel\"><em id=\"__mceDel\"><em id=\"__mceDel\"><em id=\"__mceDel\"><\/em><\/em><\/em><\/em><\/em><em id=\"__mceDel\" style=\"letter-spacing: 0.05em; line-height: 1.6875;\"><em id=\"__mceDel\"><em id=\"__mceDel\"><em id=\"__mceDel\"><em id=\"__mceDel\"><em id=\"__mceDel\"><span style=\"color: #000000;\">La voix rauque, le ton blas\u00e9, tabac et coca\u00efne obligent, le fils du guerrier sioniste raconte\u00a0<\/span><\/em><\/em><\/em><\/em><\/em><\/em><em id=\"__mceDel\" style=\"letter-spacing: 0.05em; line-height: 1.6875;\"><em id=\"__mceDel\"><em id=\"__mceDel\"><em id=\"__mceDel\"><em id=\"__mceDel\"><em id=\"__mceDel\"><em id=\"__mceDel\"><span style=\"color: #000000;\">sa vie. N\u00e9 en 45, Assi Dayan m\u2019a accompagn\u00e9 le long \u00a0des montagnes russes\u00a0<\/span><\/em><\/em><\/em><\/em><\/em><\/em><\/em><em id=\"__mceDel\" style=\"letter-spacing: 0.05em; line-height: 1.6875;\"><em id=\"__mceDel\"><em id=\"__mceDel\"><em id=\"__mceDel\"><em id=\"__mceDel\"><em id=\"__mceDel\"><em id=\"__mceDel\"><em id=\"__mceDel\"><span style=\"color: #000000;\">de sa vie. Il m\u2019a dit \u00ab d\u2019avoir \u00e9t\u00e9 \u00e9lev\u00e9 par sa nounou Simcha qui lui racontait les histoires\u00a0<\/span><\/em><\/em><\/em><\/em><\/em><\/em><\/em><\/em><em id=\"__mceDel\" style=\"letter-spacing: 0.05em; line-height: 1.6875;\"><em id=\"__mceDel\"><em id=\"__mceDel\"><em id=\"__mceDel\"><em id=\"__mceDel\"><em id=\"__mceDel\"><em id=\"__mceDel\"><em id=\"__mceDel\"><span style=\"color: #000000;\">d\u2019Ali Baba qu\u2019elle entendait sur\u2026 Radio Bagdad \u00bb. Il m\u2019a racont\u00e9 \u00ab qu\u2019enfant il cherchait\u00a0<\/span><\/em><\/em><\/em><\/em><\/em><\/em><\/em><\/em><em id=\"__mceDel\" style=\"letter-spacing: 0.05em; line-height: 1.6875;\"><em id=\"__mceDel\"><em id=\"__mceDel\"><em id=\"__mceDel\"><em id=\"__mceDel\"><em id=\"__mceDel\"><em id=\"__mceDel\"><em id=\"__mceDel\"><em id=\"__mceDel\"><span style=\"color: #000000;\">\u00a0l\u2019\u0153il perdu de son p\u00e8re sous le bandeau noir \u00bb, il m\u2019a r\u00e9v\u00e8l\u00e9 \u00ab qu\u2019il s\u2019a fugu\u00e9 adolescent \u00e0\u00a0<\/span><\/em><\/em><\/em><\/em><\/em><\/em><\/em><\/em><\/em><em id=\"__mceDel\" style=\"letter-spacing: 0.05em; line-height: 1.6875;\"><em id=\"__mceDel\"><em id=\"__mceDel\"><em id=\"__mceDel\"><em id=\"__mceDel\"><em id=\"__mceDel\"><em id=\"__mceDel\"><em id=\"__mceDel\"><em id=\"__mceDel\"><span style=\"color: #000000;\">Chypre, qu\u2019il s\u2019est barr\u00e9 durant son service \u00a0militaire et \u00a0toute l\u2019arm\u00e9e d\u2019Isra\u00ebl s&rsquo;est\u00a0<\/span><\/em><\/em><\/em><\/em><\/em><\/em><\/em><\/em><\/em><em id=\"__mceDel\" style=\"letter-spacing: 0.05em; line-height: 1.6875;\"><em id=\"__mceDel\"><em id=\"__mceDel\"><em id=\"__mceDel\"><em id=\"__mceDel\"><em id=\"__mceDel\"><em id=\"__mceDel\"><em id=\"__mceDel\"><em id=\"__mceDel\"><em id=\"__mceDel\"><span style=\"color: #000000;\">\u00a0mobilis\u00e9 pour le chercher lui, le fils de Moshe Dayan \u00bb, il chronique ses fait d\u2019armes, ses id\u00e9es, ses\u00a0<\/span><\/em><\/em><\/em><\/em><\/em><\/em><\/em><\/em><\/em><\/em><em id=\"__mceDel\" style=\"letter-spacing: 0.05em; line-height: 1.6875;\"><em id=\"__mceDel\"><em id=\"__mceDel\"><em id=\"__mceDel\"><em id=\"__mceDel\"><em id=\"__mceDel\"><em id=\"__mceDel\"><em id=\"__mceDel\"><em id=\"__mceDel\"><em id=\"__mceDel\"><span style=\"color: #000000;\">amours et tous ses vices, le tout comme \u00a0l&rsquo;arche de No\u00eb \u00a0dans le d\u00e9luge d\u2019Isra\u00ebl. Il\u00a0<\/span><\/em><\/em><\/em><\/em><\/em><\/em><\/em><\/em><\/em><\/em><em id=\"__mceDel\" style=\"letter-spacing: 0.05em; line-height: 1.6875;\"><em id=\"__mceDel\"><em id=\"__mceDel\"><em id=\"__mceDel\"><em id=\"__mceDel\"><em id=\"__mceDel\"><em id=\"__mceDel\"><em id=\"__mceDel\"><em id=\"__mceDel\"><em id=\"__mceDel\"><span style=\"color: #000000;\">m\u2019a parl\u00e9 d\u2019une \u00ab aventure pirate \u00bb et \u00ab du d\u00e9sespoir tourn\u00e9 en id\u00e9ologie \u00bb.<\/span><\/em><\/em><\/em><\/em><\/em><\/em><\/em><\/em><\/em><\/em><\/p>\n<p style=\"text-align: justify;\"><em id=\"__mceDel\"><em id=\"__mceDel\"><em id=\"__mceDel\"><em id=\"__mceDel\"><em id=\"__mceDel\"><em id=\"__mceDel\"><em id=\"__mceDel\"><em id=\"__mceDel\"><em id=\"__mceDel\"><em id=\"__mceDel\"> <span style=\"color: #000000;\">La vie du fils de Moshe Dayan n\u2019est pas seulement la chronique d\u2019une relation d\u2019amour et de\u00a0<\/span><span style=\"color: #000000;\">haine, du fils vis-\u00e0-vis son p\u00e8re, mais aussi une m\u00e9taphore brutale et sans complaisances de\u00a0<\/span><span style=\"color: #000000;\">la soci\u00e9t\u00e9 isra\u00eblienne.\u00a0<\/span><span style=\"color: #000000;\">Les derniers mots avant la fin m\u2019ont touch\u00e9 comme un coup de poignard : \u00ab je joue\u00a0<\/span><span style=\"color: #000000;\">le r\u00f4le d\u2019un psychologue qui se fait payer par ses clients pour les conseiller de sauter par la\u00a0<\/span><span style=\"color: #000000;\">fen\u00eatre et \u00a0qui \u00e0 la fin il se suicide\u2026 Mais moi je fais semblant d\u2019\u00eatre mort couvert de sang,\u00a0<\/span><span style=\"color: #000000;\">je \u00a0suis encore vivant me vautrant dans le ketchup \u00bb.\u00a0<\/span><span style=\"color: #000000;\">Difficile de faire le point \u00e0 mon tour sur ce courageux chef d\u2019\u0153uvre d\u2019Adi Arbel et Moish\u00a0<\/span><span style=\"color: #000000;\">Goldberg . Toute \u00a0comparaison est n\u00e9cessairement boiteuse. Que chacun aille le voir et se fasse sa propre id\u00e9e.. S\u2019il y a\u00a0<\/span><span style=\"color: #000000;\">bien un film qu\u2019il est n\u00e9cessaire d\u2019aller voir, c\u2019est bien celui-ci.\u00a0<\/span><\/em><\/em><\/em><\/em><\/em><\/em><\/em><\/em><\/em><\/em><\/p>\n<p style=\"text-align: justify;\"><span style=\"color: #000000;\">\u00ab Je pars chez moi (home)\u00bb dit la fille.\u00a0<\/span><span style=\"color: #000000;\">\u00ab Chez toi ? \u00a0Dans cette pitoyable diaspora ? \u00bb demande le p\u00e8re.\u00a0<\/span><span style=\"color: #000000;\">\u00ab Elle se sent chez elle en Allemagne \u00bb r\u00e9pond la m\u00e8re.\u00a0<\/span><span style=\"color: #000000;\">\u00ab Elle n\u2019a rien en commun avec l\u2019histoire allemande \u00bb, r\u00e9torque le p\u00e8re.\u00a0<\/span><span style=\"color: #000000;\">\u00ab Ce n\u2019est pas important, elle a une patrie (<em>homeland<\/em>) \u00bb dit la m\u00e8re.\u00a0<\/span><span style=\"color: #000000;\">\u00ab Ce n\u2019est pas une patrie, c\u2019est un simple lieu de r\u00e9sidence \u00bb insiste le p\u00e8re.\u00a0<\/span><span style=\"color: #000000;\">Ce dialogue crucial \u00e0 trois sur le th\u00e8me de la patrie et de l&rsquo;appartenance se fait en h\u00e9breu et donne le ton\u00a0<\/span><span style=\"color: #000000;\">de\u00a0<\/span><em><span style=\"color: #000000;\">Schnee von Gestern<\/span><\/em><span style=\"color: #000000;\"> (Farewell Herr Schwartz ou Adieu M Schwartz) une production\u00a0<\/span><span style=\"color: #000000;\">allemande r\u00e9alis\u00e9 par l\u2019isra\u00e9lienne Yael Reuveny.\u00a0<\/span><span style=\"color: #000000;\">La r\u00e9alisatrice part \u00e0 la recherche de Feivke un grand oncle donn\u00e9 par mort en 1945 qui refait\u00a0<\/span><span style=\"color: #000000;\">surface sous le nom de Peter en Allemagne de l\u2019est o\u00f9 il meurt en 1987. Michla, la grand-m\u00e8re de Yael Reuveny devait rencontrer son fr\u00e8re \u00e0 la gare de Lodz apr\u00e8s la guerre, mais dans\u00a0<\/span><span style=\"color: #000000;\">la salle des pas perdus, les deux rescap\u00e9s de la Shoah ne se sont pas trouv\u00e9s et chacun a fait en\u00a0<\/span><span style=\"color: #000000;\">solitude ses choix de vie et de pays, elle en Isra\u00ebl, lui en Allemagne.\u00a0<\/span><span style=\"color: #000000;\">Cet adieu \u00e0 l\u2019oncle Peter jadis Feivke est un voyage initiatique qui embarque deux familles\u00a0<\/span><span style=\"color: #000000;\">et trois g\u00e9n\u00e9rations. Le film creuse dans les plaies du traumatisme des journ\u00e9es sign\u00e9s par le\u00a0<\/span><span style=\"color: #000000;\">silence et des nuits marqu\u00e9s par les cris des cauchemars, de la \u00ab maudite terre allemande \u00bb,\u00a0<\/span><span style=\"color: #000000;\">des photos \u00e9voquant et amour et haine, de l\u2019effort d\u2019essayer de comprendre.\u00a0<\/span><span style=\"color: #000000;\">Peu importe si le jeun cousin allemand retrouv\u00e9 de la r\u00e9alisatrice ne soit pas \u00e0 mon avis \u00e0\u00a0<\/span><span style=\"color: #000000;\">l\u2019hauteur intellectuelle de sa cousine isra\u00e9lienne. Le film est fort et profond. Dommage que la\u00a0<\/span><span style=\"color: #000000;\">grand-m\u00e8re et le grand-oncle de Yael Reuveny soient d\u00e9c\u00e9d\u00e9s avant la fin du film.\u00a0<\/span><\/p>\n<p style=\"text-align: justify;\"><span style=\"color: #000000;\">J&rsquo;ai \u00e9crit cette chronique \u00e0 la premi\u00e8re personne ; ce n\u2019est pas anodin. Pourquoi ? Parce que c<\/span><span style=\"color: #000000;\">es deux films, sous le signe de l\u2019\u00e9toile de David, sont, chacun \u00e0 leur mani\u00e8re les\u00a0<\/span><span style=\"color: #000000;\">meilleurs films que j\u2019ai pu voir \u00e0 Biarritz : ils ont transform\u00e9\u00a0<\/span><span style=\"color: #000000;\">mes \u00e9motions ; soudain je me suis retrouv\u00e9 comme un enfant dans le vertige des montagnes russes, Cependant l&rsquo;un et l&rsquo;autre font l&rsquo;impasse sur un fait \u00e0 mes yeux grave et qui aurait du pourtant interpeller les r\u00e9alisateurs. C&rsquo;<\/span><span style=\"color: #000000;\">est l&rsquo;absence criante de toute r\u00e9f\u00e9rence \u00e0 la souffrance des Palestiniens. Comme libert\u00e9, la \u00a0douleur ou plus pr\u00e9cis\u00e9ment la m\u00e9moire de la souffrance des Isra\u00e9liens s&rsquo;arr\u00eate l\u00e0 o\u00f9 commence celle des Palestiniens. C&rsquo;est pourquoi la souffrance de ces derniers constitue la mesure morale des Isra\u00e9liens. A quoi bon explorer la douleur \u00a0pass\u00e9e si on n&rsquo;est pas en mesure de comprendre celle que l&rsquo;on inflige \u00a0\u00e0 \u00a0ses voisins les plus proches. C&rsquo;est une question d&rsquo;\u00e9thique.\u00a0 Certes ont pr\u00e9textera que \u00ab\u00a0ce n&rsquo;\u00e9tait pas l\u00e0 le sujet\u00a0\u00bb; que l&rsquo;on \u00ab\u00a0peut pas tout aborder\u00a0\u00bb \u00a0et que ce n&rsquo;est pas aux Isra\u00e9liens de parler de Palestiniens! \u00a0Mais alors \u00e0<\/span><span style=\"color: #000000;\">\u00a0quoi bon le courage, l\u2019hauteur de l\u2019espoir, les ab\u00eemes du d\u00e9sespoir, l\u2019\u00e9paisseur artistique, la\u00a0<\/span><span style=\"color: #000000;\">sinc\u00e9rit\u00e9 et \u00ab tutti quanti \u00bb, s&rsquo;il n y a pas d\u2019humanit\u00e9 ?<\/span><\/p>\n<p style=\"text-align: justify;\"><span style=\"color: #000000;\">\u00a0<\/span><\/p>\n","protected":false},"excerpt":{"rendered":"<p>\u00ab Il est maintenant temps de faire le point : 80 films en tant qu\u2019acteur, 16 films en tant que\u00a0r\u00e9alisateur, 9 oscars, 4 mariages, 3 tentatives de suicide, 3 ans&hellip;<\/p>\n<p class=\"more-link-p\"><a class=\"more-link\" href=\"http:\/\/www.combats-magazine.org\/fr\/fipa-2014-israel-ses-demons-et-la-souffrance-tue-des-palestiniens\/\">Lire plus &rarr;<\/a><\/p>\n","protected":false},"author":3,"featured_media":1125,"comment_status":"open","ping_status":"open","sticky":false,"template":"","format":"standard","meta":{"footnotes":""},"categories":[38],"tags":[381,382],"class_list":["post-1108","post","type-post","status-publish","format-standard","has-post-thumbnail","hentry","category-cinema-critique","tag-fipa-farewell-herr-schwartz-israel","tag-r"],"_links":{"self":[{"href":"http:\/\/www.combats-magazine.org\/fr\/wp-json\/wp\/v2\/posts\/1108","targetHints":{"allow":["GET"]}}],"collection":[{"href":"http:\/\/www.combats-magazine.org\/fr\/wp-json\/wp\/v2\/posts"}],"about":[{"href":"http:\/\/www.combats-magazine.org\/fr\/wp-json\/wp\/v2\/types\/post"}],"author":[{"embeddable":true,"href":"http:\/\/www.combats-magazine.org\/fr\/wp-json\/wp\/v2\/users\/3"}],"replies":[{"embeddable":true,"href":"http:\/\/www.combats-magazine.org\/fr\/wp-json\/wp\/v2\/comments?post=1108"}],"version-history":[{"count":0,"href":"http:\/\/www.combats-magazine.org\/fr\/wp-json\/wp\/v2\/posts\/1108\/revisions"}],"wp:featuredmedia":[{"embeddable":true,"href":"http:\/\/www.combats-magazine.org\/fr\/wp-json\/wp\/v2\/media\/1125"}],"wp:attachment":[{"href":"http:\/\/www.combats-magazine.org\/fr\/wp-json\/wp\/v2\/media?parent=1108"}],"wp:term":[{"taxonomy":"category","embeddable":true,"href":"http:\/\/www.combats-magazine.org\/fr\/wp-json\/wp\/v2\/categories?post=1108"},{"taxonomy":"post_tag","embeddable":true,"href":"http:\/\/www.combats-magazine.org\/fr\/wp-json\/wp\/v2\/tags?post=1108"}],"curies":[{"name":"wp","href":"https:\/\/api.w.org\/{rel}","templated":true}]}}