{"id":1100,"date":"2014-02-03T13:57:23","date_gmt":"2014-02-03T11:57:23","guid":{"rendered":"http:\/\/www.combats-magazine.org\/fr\/?p=1100"},"modified":"2014-05-05T14:13:08","modified_gmt":"2014-05-05T12:13:08","slug":"1914-et-tout-est-dit","status":"publish","type":"post","link":"http:\/\/www.combats-magazine.org\/fr\/1914-et-tout-est-dit\/","title":{"rendered":"FIPA 2014 : la Grande guerre et la diversit\u00e9 du pacifisme europ\u00e9en"},"content":{"rendered":"<div id=\"attachment_1138\" style=\"width: 310px\" class=\"wp-caption alignleft\"><a href=\"http:\/\/www.combats-magazine.org\/fr\/wp-content\/uploads\/2014\/02\/Manifestation-pour-la-paix-Amsterdam-1917-300x211.jpg\"><img fetchpriority=\"high\" decoding=\"async\" aria-describedby=\"caption-attachment-1138\" class=\"wp-image-1138 size-full\" src=\"http:\/\/www.combats-magazine.org\/fr\/wp-content\/uploads\/2014\/02\/Manifestation-pour-la-paix-Amsterdam-1917-300x211.jpg\" alt=\"&quot;14 , des Armes et des Mots&quot; une s\u00e9rie internationale sure la Grande guerre .  \" width=\"300\" height=\"211\" srcset=\"http:\/\/www.combats-magazine.org\/fr\/wp-content\/uploads\/2014\/02\/Manifestation-pour-la-paix-Amsterdam-1917-300x211.jpg 300w, http:\/\/www.combats-magazine.org\/fr\/wp-content\/uploads\/2014\/02\/Manifestation-pour-la-paix-Amsterdam-1917-300x211-260x182.jpg 260w, http:\/\/www.combats-magazine.org\/fr\/wp-content\/uploads\/2014\/02\/Manifestation-pour-la-paix-Amsterdam-1917-300x211-160x112.jpg 160w\" sizes=\"(max-width: 300px) 100vw, 300px\" \/><\/a><p id=\"caption-attachment-1138\" class=\"wp-caption-text\">\u00ab\u00a014 , des Armes et des Mots\u00a0\u00bb une s\u00e9rie internationale sure la Grande guerre .<\/p><\/div>\n<p style=\"text-align: justify;\"><span style=\"color: #000000;\">Le film suit la vie d\u2019une famille bourgeoise de l\u2019\u00e9poque, celle du Docteur Boesman \u00e0 Gand et les effets de la guerre sur ces membres. Au-del\u00e0 de l\u2019histoire d\u2019une famille marqu\u00e9e par l\u2019horreur de la guerre, le film a le m\u00e9rite de ne pas tomber dans la germanophobie et les \u00a0exactions dont est victime la famille allemande de la ville ne sont \u00a0pas pass\u00e9es sous silence. Le film\u00a0de Jan Matthys fait un effort louable pour pr\u00e9senter un univers humain bilingue ce qui rend honneur \u00e0 la diversit\u00e9 culturelle de la Belgique.<\/span><\/p>\n<p style=\"text-align: justify;\"><span style=\"color: #000000;\"><em>\u00a014, Des armes et des mots, <\/em>sign\u00e9 par Jan Peter est une touchante coproduction fran\u00e7aise, allemande, canadienne et slov\u00e8ne. Cette s\u00e9rie \u00a0s&rsquo;appuie sur les journaux personnels de \u00a0quatorze t\u00e9moins, ayant vu leurs vies \u00a0boulevers\u00e9e par la guerre. Le film associe fiction et images d\u2019archives. Dommage que seulement le premier \u00e9pisode ait \u00e9t\u00e9 pr\u00e9sent\u00e9. \u00ab 14-18, refuser la guerre \u00bb de Georgette Cuvelier est un documentaire que raconte la guerre en donnant la parole \u00e0 ceux qui s\u2019y sont oppos\u00e9s. On y retrouve \u00a0non seulement des \u00a0noms connus \u00a0comme \u00a0Jean Jaur\u00e8s, Romain Rolland, Siegfried Sassoon \u00a0ou encore \u00a0Bertrand Russell mais aussi d \u00a0simples soldats, protagonistes du refus de la guerre et de la conscription.<\/span><\/p>\n<p style=\"text-align: justify;\"><span style=\"color: #000000;\">Venant d\u2019une r\u00e9alisatrice, le film de Georgette Cuvelier apporte un \u00e9l\u00e9ment nouveau et \u00a0inattendu : \u00a0celui critique et sans complaisance des fameuses suffragettes qui ont souvent \u00a0choisi la collaboration avec les bellicistes en \u00e9change de leur reconnaissance politique. \u00a0Cet te s\u00e9rie devrait \u00eatre un outil didactique pour tous les pays qui se disent europ\u00e9ens parce<\/span><br \/>\n<span style=\"color: #000000;\">qu\u2019elle permet de comprendre les voix \u00a0\u00e0 contre courant dans l\u2019ensemble du continent au moment de \u00a0cette trag\u00e9die. Mais surtout, il est fondamentale que les nouvelles g\u00e9n\u00e9rations sachent que lors les jours de Noel 1914, le deux tiers du front anglo-allemand ont fraternis\u00e9 ; que pendant la \u00a0offensive meurtri\u00e8re des Chemin des Dames, \u00a0les deux tiers des r\u00e9giments d\u2019infanterie fran\u00e7aise se sont mutin\u00e9s, comme l\u2019a fait la marine allemande plus tard et qu\u2019un million de soldats russes et allemands ont d\u00e9sert\u00e9. ce sont l\u00e0 des chiffres \u00e9loquents qui illustrent au -del\u00e0 des fronti\u00e8res \u00a0la diversit\u00e9 du refus de la guerre.\u00a0<\/span><\/p>\n<p style=\"text-align: justify;\"><span style=\"color: #000000;\">Voil\u00e0 un devoir de m\u00e9moire \u00a0capital des nos jours o\u00f9 les tambours de guerre du vieux continent ont avoir recommenc\u00e9 \u00e0 r\u00e9sonner, de la Lybie \u00e0 la Syrie en passant par la Mali.<\/span><\/p>\n<p style=\"text-align: justify;\">\n","protected":false},"excerpt":{"rendered":"<p>Le film suit la vie d\u2019une famille bourgeoise de l\u2019\u00e9poque, celle du Docteur Boesman \u00e0 Gand et les effets de la guerre sur ces membres. Au-del\u00e0 de l\u2019histoire d\u2019une famille&hellip;<\/p>\n<p class=\"more-link-p\"><a class=\"more-link\" href=\"http:\/\/www.combats-magazine.org\/fr\/1914-et-tout-est-dit\/\">Lire plus &rarr;<\/a><\/p>\n","protected":false},"author":3,"featured_media":1138,"comment_status":"open","ping_status":"open","sticky":false,"template":"","format":"standard","meta":{"footnotes":""},"categories":[38],"tags":[389,388,390],"class_list":["post-1100","post","type-post","status-publish","format-standard","has-post-thumbnail","hentry","category-cinema-critique","tag-14-des-armes-et-des-mots","tag-des-armes-et-des-mots","tag-goergette-cuvillier"],"_links":{"self":[{"href":"http:\/\/www.combats-magazine.org\/fr\/wp-json\/wp\/v2\/posts\/1100","targetHints":{"allow":["GET"]}}],"collection":[{"href":"http:\/\/www.combats-magazine.org\/fr\/wp-json\/wp\/v2\/posts"}],"about":[{"href":"http:\/\/www.combats-magazine.org\/fr\/wp-json\/wp\/v2\/types\/post"}],"author":[{"embeddable":true,"href":"http:\/\/www.combats-magazine.org\/fr\/wp-json\/wp\/v2\/users\/3"}],"replies":[{"embeddable":true,"href":"http:\/\/www.combats-magazine.org\/fr\/wp-json\/wp\/v2\/comments?post=1100"}],"version-history":[{"count":0,"href":"http:\/\/www.combats-magazine.org\/fr\/wp-json\/wp\/v2\/posts\/1100\/revisions"}],"wp:featuredmedia":[{"embeddable":true,"href":"http:\/\/www.combats-magazine.org\/fr\/wp-json\/wp\/v2\/media\/1138"}],"wp:attachment":[{"href":"http:\/\/www.combats-magazine.org\/fr\/wp-json\/wp\/v2\/media?parent=1100"}],"wp:term":[{"taxonomy":"category","embeddable":true,"href":"http:\/\/www.combats-magazine.org\/fr\/wp-json\/wp\/v2\/categories?post=1100"},{"taxonomy":"post_tag","embeddable":true,"href":"http:\/\/www.combats-magazine.org\/fr\/wp-json\/wp\/v2\/tags?post=1100"}],"curies":[{"name":"wp","href":"https:\/\/api.w.org\/{rel}","templated":true}]}}