{"id":1097,"date":"2014-02-03T19:45:04","date_gmt":"2014-02-03T17:45:04","guid":{"rendered":"http:\/\/www.combats-magazine.org\/fr\/?p=1097"},"modified":"2014-05-05T14:57:24","modified_gmt":"2014-05-05T12:57:24","slug":"fipa-14-le-bresil-dans-tous-ses-etats","status":"publish","type":"post","link":"http:\/\/www.combats-magazine.org\/fr\/fipa-14-le-bresil-dans-tous-ses-etats\/","title":{"rendered":"FIPA 14 :  le Br\u00e9sil dans tous ses \u00e9tats"},"content":{"rendered":"<p style=\"text-align: justify;\"><span style=\"color: #000000;\"><strong>Cette ann\u00e9e le Fipa a mis en avant le Br\u00e9sil, pays de la diversit\u00e9 culturelle s&rsquo;il en est, et qui connait un important d\u00e9veloppement\u00a0de son secteur audiovisuel. Sa production\u00a0documentaire est \u00e9loquente \u00e0 cet \u00e9gard.\u00a0<\/strong><\/span><\/p>\n<p style=\"text-align: justify;\"><span style=\"color: #000000;\"><a href=\"http:\/\/www.combats-magazine.org\/fr\/wp-content\/uploads\/2014\/02\/Brefoot-on-soil.jpg\"><img fetchpriority=\"high\" decoding=\"async\" class=\"alignleft size-full wp-image-1143\" src=\"http:\/\/www.combats-magazine.org\/fr\/wp-content\/uploads\/2014\/02\/Brefoot-on-soil.jpg\" alt=\"Brefoot on soil\" width=\"1000\" height=\"562\" srcset=\"http:\/\/www.combats-magazine.org\/fr\/wp-content\/uploads\/2014\/02\/Brefoot-on-soil.jpg 1000w, http:\/\/www.combats-magazine.org\/fr\/wp-content\/uploads\/2014\/02\/Brefoot-on-soil-300x168.jpg 300w, http:\/\/www.combats-magazine.org\/fr\/wp-content\/uploads\/2014\/02\/Brefoot-on-soil-560x314.jpg 560w, http:\/\/www.combats-magazine.org\/fr\/wp-content\/uploads\/2014\/02\/Brefoot-on-soil-260x146.jpg 260w, http:\/\/www.combats-magazine.org\/fr\/wp-content\/uploads\/2014\/02\/Brefoot-on-soil-160x89.jpg 160w\" sizes=\"(max-width: 1000px) 100vw, 1000px\" \/><\/a><br \/>\n<\/span><\/p>\n<p style=\"text-align: justify;\"><span style=\"color: #000000;\">Nous commen\u00e7ons cette chronique \u00a0par un focus non sur un film br\u00e9silien mais sur\u00a0une \u0153uvre catalane qui parle \u00e9loquemment du Br\u00e9sil : <em>Descal\u00e7 sobre la terra vermella\u00a0<\/em>ou<em> Pieds nus sur la terre rouge<\/em>. Il s\u2019agit d\u2019une \u0153uvre de fiction inspir\u00e9e par la vie de P\u00e8re\u00a0Casaldaliga, le pr\u00eatre de la th\u00e9ologie de la lib\u00e9ration qui a sign\u00e9 par sa pr\u00e9sence et son combat\u00a0la terre rouge du Mato Grosso.\u00a0R\u00e9alis\u00e9 par Oriol Ferrer le film a obtenu le Fipa pour la meilleure musique originale et la\u00a0meilleure interpr\u00e9tation masculine (Eduard Fernand).\u00a0Disons d\u2019embl\u00e9e que le film dispose\u00a0<\/span><span style=\"color: #000000;\">de l\u2019interpr\u00e9tation de Sergi Lopez dans le r\u00f4le bref mais puissant de Mgr Ratzinger, le p\u00e8re\u00a0<\/span><span style=\"color: #000000;\">fouettard des pr\u00eatres rouges d\u2019Am\u00e9rique latine. <\/span><\/p>\n<p style=\"text-align: justify;\"><span style=\"color: #000000;\">\u00a0Si <\/span><span style=\"color: #000000;\">\u00a0cet hommage \u00a0au\u00a0<\/span><span style=\"color: #000000;\">combat pour la justice sociale qui \u00a0honore une \u00e9glise militante proche du\u00a0<\/span><span style=\"color: #000000;\">\u00a0message originel de l\u2019Evangile est bienvenu, on peut n\u00e9anmoins marquer une r\u00e9serve \u00a0sur l&rsquo;expression de cette virulente \u00a0opposition. \u00a0D\u00e9tail qui n&rsquo;\u00e9chappe \u00e0 ceux\u00a0<\/span><span style=\"color: #000000;\">qui connaissent les lieux et les populations pauvres d\u2019Am\u00e9rique du sud. \u00a0En\u00a0<\/span><span style=\"color: #000000;\">exprimant leur outrage aux injustices et aux hypocrisies de l\u2019Eglise, les paysans br\u00e9siliens\u00a0<\/span><span style=\"color: #000000;\">sans terre apparaissent paradoxalement cousins des anarchistes catalans des ann\u00e9es 30\u00a0<\/span><span style=\"color: #000000;\">que des habitants de ces contr\u00e9es au silencieux d\u00e9sespoir. En d\u2019autres mots, les r\u00e9actions\u00a0<\/span><span style=\"color: #000000;\">d\u2019indignation vis-\u00e0-vis les abus des puissants s\u2019expriment de fa\u00e7on diff\u00e9rente selon les\u00a0<\/span><span style=\"color: #000000;\">cultures. Ces <em>pieds nus sur la terre rouge<\/em>\u00a0illustrent, h\u00e9las, la difficult\u00e9s de transposer nos repr\u00e9sentations : l\u2019occidental\u00a0<\/span><span style=\"color: #000000;\">qui \u00a0essaie de repr\u00e9senter la r\u00e9volte, la r\u00e9interpr\u00e8te selon ses\u00a0<\/span><span style=\"color: #000000;\">propres r\u00e9flexes culturels et non de \u00a0ceux des protagonistes originels.<\/span><\/p>\n<p style=\"text-align: justify;\"><span style=\"color: #000000;\"><em>O Mestre e o Divino<\/em>, <em>le Ma\u00eetre et Divino<\/em> du br\u00e9silien Tiago Campos est compl\u00e9mentaire du\u00a0<\/span><span style=\"color: #000000;\">film catalan. Le documentaire raconte l\u2019histoire de Adalbert Heide, un missionnaire sal\u00e9sien\u00a0<\/span><span style=\"color: #000000;\">allemand qui fut le premier \u00e0 \u00e9tudier et \u00e9vang\u00e9liser les indiens Xavante des m\u00eames r\u00e9gions\u00a0<\/span><span style=\"color: #000000;\">du Mato Grosso dans les ann\u00e9es 50. \u00a0Le film \u00e9voqu\u00e9 \u00e9galement sa relation avec Divino, un indien \u00e0 qui le ma\u00eetre avait\u00a0<\/span><span style=\"color: #000000;\">enseign\u00e9 \u00e0 utiliser la cam\u00e9ra pour filmer les rituels de la culture Xavante. Cet hommage au\u00a0<\/span><span style=\"color: #000000;\">p\u00e8re missionnaire est sans doute moins politique mais souligne l\u2019apport culturel du P\u00e8re Heine\u00a0<\/span><span style=\"color: #000000;\">qui a appris la langue Xavante, a \u00e9crit et standardis\u00e9 sa grammaire et y a traduit les \u00c9vangiles.<\/span><\/p>\n<p style=\"text-align: justify;\"><span style=\"color: #000000;\"><em>Em busca de Iara<\/em> ou<em> A la recherche d\u2019Iara<\/em> est le documentaire des br\u00e9siliens Flavio Federico\u00a0<\/span><span style=\"color: #000000;\">et Mariana Pamplona qui part \u00e0 la recherche d\u2019Iara Iavelberg, la compagne du chef gu\u00e9rillero\u00a0<\/span><span style=\"color: #000000;\">Carlos Lamarca tomb\u00e9e pendant la r\u00e9pression que le r\u00e9gime militaire du Br\u00e9sil a impos\u00e9\u00a0<\/span><span style=\"color: #000000;\">contre les opposants de gauche des ann\u00e9es 70. Le film relate l\u2019histoire de cette victime de cette\u00a0<\/span><span style=\"color: #000000;\">guerre sale et r\u00e9fute la version officielle du suicide pour d\u00e9couvrir qu\u2019Iara Iavelberg avait\u00a0<\/span><span style=\"color: #000000;\">\u00e9t\u00e9 bel et bien assassin\u00e9e en 1971 \u00e0 San Salvador de Bahia. La recherche d\u2019Iara \u00a0s&rsquo;inscrit dans un \u00a0courant<\/span><span style=\"color: #000000;\">\u00a0 en pleine expansion en Am\u00e9rique latine : des jeunes cin\u00e9astes qui veulent \u00a0faire toute la\u00a0<\/span><span style=\"color: #000000;\">v\u00e9rit\u00e9 sur le pass\u00e9 des dictatures. Le fait que Mariana Pamplona la cor\u00e9alisatrice soit la ni\u00e8ce\u00a0<\/span><span style=\"color: #000000;\">d\u2019Iara Iavelberg y ajoute une touche personnelle qui ne peut qu\u2019aller au c\u0153ur des spectateurs.<\/span><\/p>\n<p style=\"text-align: justify;\"><span style=\"color: #000000;\">Terminons cette chronique avec <em>O Samba<\/em>, Le samba, du suisse Georges Gachot. Par\u00a0<\/span><span style=\"color: #000000;\">l\u2019interm\u00e9diaire du compositeur et chanteur Martinho da Vila, le r\u00e9alisateur suisse entend\u00a0<\/span><span style=\"color: #000000;\">d\u00e9passer les cliches pour se pencher sur le monde de la samba \u00a0pour y voir comment \u00a0cette danse est\u00a0<\/span><span style=\"color: #000000;\">v\u00e9cue dans le quartier de Vila Isabel \u00e0 la p\u00e9riph\u00e9rie de Rio. Pari gagn\u00e9, le samba de Georges\u00a0<\/span><span style=\"color: #000000;\">Gachot et Martinho da Vila parle de souffrance du quotidien avec une joie de vivre perdue sous\u00a0<\/span><span style=\"color: #000000;\">nos latitudes septentrionales.<\/span><\/p>\n","protected":false},"excerpt":{"rendered":"<p>Cette ann\u00e9e le Fipa a mis en avant le Br\u00e9sil, pays de la diversit\u00e9 culturelle s&rsquo;il en est, et qui connait un important d\u00e9veloppement\u00a0de son secteur audiovisuel. Sa production\u00a0documentaire est&hellip;<\/p>\n<p class=\"more-link-p\"><a class=\"more-link\" href=\"http:\/\/www.combats-magazine.org\/fr\/fipa-14-le-bresil-dans-tous-ses-etats\/\">Lire plus &rarr;<\/a><\/p>\n","protected":false},"author":3,"featured_media":1143,"comment_status":"open","ping_status":"open","sticky":false,"template":"","format":"standard","meta":{"footnotes":""},"categories":[38],"tags":[392,394,369,393,398,397,391,396,395],"class_list":["post-1097","post","type-post","status-publish","format-standard","has-post-thumbnail","hentry","category-cinema-critique","tag-a-la-recherche-diara","tag-descalc-sobre-la-terra-vermella","tag-fipa-2014","tag-flavio-federico-et-mariana-pamplona","tag-georges-gachot","tag-le-samba","tag-o-mestre-e-o-divino","tag-o-samba","tag-tiago-campos"],"_links":{"self":[{"href":"http:\/\/www.combats-magazine.org\/fr\/wp-json\/wp\/v2\/posts\/1097","targetHints":{"allow":["GET"]}}],"collection":[{"href":"http:\/\/www.combats-magazine.org\/fr\/wp-json\/wp\/v2\/posts"}],"about":[{"href":"http:\/\/www.combats-magazine.org\/fr\/wp-json\/wp\/v2\/types\/post"}],"author":[{"embeddable":true,"href":"http:\/\/www.combats-magazine.org\/fr\/wp-json\/wp\/v2\/users\/3"}],"replies":[{"embeddable":true,"href":"http:\/\/www.combats-magazine.org\/fr\/wp-json\/wp\/v2\/comments?post=1097"}],"version-history":[{"count":0,"href":"http:\/\/www.combats-magazine.org\/fr\/wp-json\/wp\/v2\/posts\/1097\/revisions"}],"wp:featuredmedia":[{"embeddable":true,"href":"http:\/\/www.combats-magazine.org\/fr\/wp-json\/wp\/v2\/media\/1143"}],"wp:attachment":[{"href":"http:\/\/www.combats-magazine.org\/fr\/wp-json\/wp\/v2\/media?parent=1097"}],"wp:term":[{"taxonomy":"category","embeddable":true,"href":"http:\/\/www.combats-magazine.org\/fr\/wp-json\/wp\/v2\/categories?post=1097"},{"taxonomy":"post_tag","embeddable":true,"href":"http:\/\/www.combats-magazine.org\/fr\/wp-json\/wp\/v2\/tags?post=1097"}],"curies":[{"name":"wp","href":"https:\/\/api.w.org\/{rel}","templated":true}]}}