{"id":1094,"date":"2014-01-28T19:29:32","date_gmt":"2014-01-28T17:29:32","guid":{"rendered":"http:\/\/www.combats-magazine.org\/fr\/?p=1094"},"modified":"2014-05-05T14:18:58","modified_gmt":"2014-05-05T12:18:58","slug":"fipa-entre-exil-et-migration-le-reve-et-les-desillusions","status":"publish","type":"post","link":"http:\/\/www.combats-magazine.org\/fr\/fipa-entre-exil-et-migration-le-reve-et-les-desillusions\/","title":{"rendered":"FIPA : entre exil et migration, le r\u00eave et les d\u00e9sillusions"},"content":{"rendered":"<p style=\"text-align: justify;\"><a href=\"http:\/\/www.combats-magazine.org\/fr\/wp-content\/uploads\/2014\/01\/tibet.jpg\"><img fetchpriority=\"high\" decoding=\"async\" class=\"size-full wp-image-1095\" src=\"http:\/\/www.combats-magazine.org\/fr\/wp-content\/uploads\/2014\/01\/tibet.jpg\" alt=\"tibet\" width=\"1000\" height=\"667\" srcset=\"http:\/\/www.combats-magazine.org\/fr\/wp-content\/uploads\/2014\/01\/tibet.jpg 1000w, http:\/\/www.combats-magazine.org\/fr\/wp-content\/uploads\/2014\/01\/tibet-300x200.jpg 300w, http:\/\/www.combats-magazine.org\/fr\/wp-content\/uploads\/2014\/01\/tibet-560x373.jpg 560w, http:\/\/www.combats-magazine.org\/fr\/wp-content\/uploads\/2014\/01\/tibet-260x173.jpg 260w, http:\/\/www.combats-magazine.org\/fr\/wp-content\/uploads\/2014\/01\/tibet-160x106.jpg 160w\" sizes=\"(max-width: 1000px) 100vw, 1000px\" \/><\/a><\/p>\n<p style=\"text-align: justify;\"><span style=\"color: #000000;\">Robert Scarcia.<\/span><br \/>\n<span style=\"color: #000000;\">L\u2019une des sp\u00e9cificit\u00e9s du Fipa est que chaque ann\u00e9e des jeunes d\u2019Europe sont s\u00e9lectionn\u00e9s pour composer le Jury. Initiative fort int\u00e9ressante parce que cela permet de comprendre ce qui parle aux jeunes. Cette 27e \u00e9dition du Fipa a vu ce jury des jeunes se prononcer pour <em>Bringing Tibet Home<\/em>, un reportage de Tenzing Tsetan Choklay qui raconte l\u2019histoire de l\u2019artiste tib\u00e9tain exil\u00e9 \u00e0 New York Tenzing Rigdol et de son id\u00e9e de r\u00e9unir au sens propre les Tib\u00e9tains en exil en Inde \u00e0 leur terre du Tibet. L\u2019artiste exil\u00e9 parvient \u00a0donc \u00e0 introduire clandestinement en Inde 20 tonnes de terre tib\u00e9taine. <\/span><br \/>\n<span style=\"color: #000000;\">Le film suit donc l\u2019Odyss\u00e9e de la terre tib\u00e9taine du passage de la fronti\u00e8re du Tibet occup\u00e9 au N\u00e9pal dans des sacs en plastique port\u00e9s sur les \u00e9paules\u00a0jusqu\u2019\u00e0\u00a0l\u2019arriv\u00e9e en camion \u00e0 Dharmsala en\u00a0Inde, r\u00e9sidence du Dalai Lama. Le r\u00e9alisateur a dit qu\u2019il voulait raconter la souffrance des tib\u00e9tains en exil et, d\u00e9tail \u00e9loquent, il a signal\u00e9 avoir \u00e9t\u00e9 interview\u00e9 aussi par la t\u00e9l\u00e9 chinoise et a soulign\u00e9 que le r\u00e9gime chinois n\u2019a pas r\u00e9agi \u00e0 la sortie du film. Mais l\u2019\u0153uvre de Tsetan Choklay est aussi un hommage \u00e0 l\u2019artiste Rigdol, peut \u00eatre le plus connu des peintres tib\u00e9tains en exil. Ce qui nous interpelle est le fait que les jeunes ont \u00e9t\u00e9 touch\u00e9s par la souffrance des exil\u00e9s et leur recherche d\u2019\u00e9tablir un contact avec leur pays d\u2019origine.<\/span><\/p>\n<p style=\"text-align: justify;\"><span style=\"color: #000000;\">De la recherche du pays d\u2019origine \u00e0 la recherche de l\u2019histoire du p\u00e8re. <em>La R\u00e9volution, mon p\u00e8re et moi<\/em> est un film d\u2019Ufuk Emiroglu une r\u00e9alisatrice turco-suisse qui part \u00e0 la recherche de l\u2019histoire de son p\u00e8re, un ancien combattant engag\u00e9 dans un processus r\u00e9volutionnaire en Turquie des ann\u00e9es 70 qui fini r\u00e9fugi\u00e9 en Suisse avec sa femme et sa fille, la r\u00e9alisatrice. <\/span><br \/>\n<span style=\"color: #000000;\">Tout au long du film, on voit jusqu\u2019\u00e0 quel point la fille immigr\u00e9 a besoin de comprendre l\u2019histoire du p\u00e8re pour entendre sa propre identit\u00e9, un rappel cin\u00e9matographique en forme de documentaire o\u00f9 pass\u00e9 et pr\u00e9sent ne sont pas des compartiments s\u00e9par\u00e9s. Le voyage en Turquie de la jeune turco-suisse est marqu\u00e9 par le contraste entre ses m\u00e9moires des histoires du combat r\u00e9volutionnaire du p\u00e8re et la r\u00e9alit\u00e9 contemporaine du pays\u00a0: la plage de la ville d\u2019Antalya o\u00f9 le p\u00e8re clandestin se baignait pour se laver, en ne laissant jamais ses armes, est aujourd\u2019hui privatis\u00e9e \u00e0 l\u2019usage des touristes ; l\u2019usine des textiles jadis th\u00e9\u00e2tre des gr\u00e8ves h\u00e9ro\u00efques est \u00a0ferm\u00e9e, la production ayant \u00e9t\u00e9 \u00a0transf\u00e9r\u00e9e en Asie orientale\u2026<\/span><br \/>\n<span style=\"color: #000000;\">Mais ce documentaire offre aussi un regard sur la fille immigr\u00e9e qui veut s\u2019int\u00e9grer dans le pays d\u2019accueil et ainsi se retrouve \u00e0 \u00eatre plus royaliste que le roi, ou plus suisse des suisses de souche. \u00ab\u00a0Alors que mes amis voulaient imiter les Am\u00e9ricains pour \u00eatre Am\u00e9ricains, moi je voulais \u00eatre Heidi la petite suisse\u2026\u00a0\u00bb dit elle. <\/span><br \/>\n<span style=\"color: #000000;\">Et voil\u00e0 le revers de la m\u00e9daille r\u00e9v\u00e9l\u00e9. L\u2019identit\u00e9 immigr\u00e9 se nourrit autant de recherche des racines d\u2019origine que de volont\u00e9 d\u2019appartenance au pays d\u2019immigration et dans les deux cas se retrouve confront\u00e9 \u00e0 un d\u00e9calage de fond. D\u2019une part, la Turquie contemporaine n\u2019est plus la terre des combats du p\u00e8re, de l\u2019autre la turque qui veut \u00eatre suisse se retrouve avec des Suisses qui veulent \u00eatre am\u00e9ricains! \u00a0Ni l\u2019une chose ni l\u2019autre donc\u2026. D\u00e9calage par rapport au vieux pays et au nouveau. Ce que nous retenons de cette histoire est le d\u00e9fi de tourner ce d\u00e9calage en atout.<\/span><\/p>\n","protected":false},"excerpt":{"rendered":"<p>Robert Scarcia. L\u2019une des sp\u00e9cificit\u00e9s du Fipa est que chaque ann\u00e9e des jeunes d\u2019Europe sont s\u00e9lectionn\u00e9s pour composer le Jury. Initiative fort int\u00e9ressante parce que cela permet de comprendre ce&hellip;<\/p>\n<p class=\"more-link-p\"><a class=\"more-link\" href=\"http:\/\/www.combats-magazine.org\/fr\/fipa-entre-exil-et-migration-le-reve-et-les-desillusions\/\">Lire plus &rarr;<\/a><\/p>\n","protected":false},"author":3,"featured_media":1095,"comment_status":"open","ping_status":"open","sticky":false,"template":"","format":"standard","meta":{"footnotes":""},"categories":[38],"tags":[374,369,347,377,375,376],"class_list":["post-1094","post","type-post","status-publish","format-standard","has-post-thumbnail","hentry","category-cinema-critique","tag-exi","tag-fipa-2014","tag-immigration","tag-integration","tag-tibet","tag-turquie"],"_links":{"self":[{"href":"http:\/\/www.combats-magazine.org\/fr\/wp-json\/wp\/v2\/posts\/1094","targetHints":{"allow":["GET"]}}],"collection":[{"href":"http:\/\/www.combats-magazine.org\/fr\/wp-json\/wp\/v2\/posts"}],"about":[{"href":"http:\/\/www.combats-magazine.org\/fr\/wp-json\/wp\/v2\/types\/post"}],"author":[{"embeddable":true,"href":"http:\/\/www.combats-magazine.org\/fr\/wp-json\/wp\/v2\/users\/3"}],"replies":[{"embeddable":true,"href":"http:\/\/www.combats-magazine.org\/fr\/wp-json\/wp\/v2\/comments?post=1094"}],"version-history":[{"count":0,"href":"http:\/\/www.combats-magazine.org\/fr\/wp-json\/wp\/v2\/posts\/1094\/revisions"}],"wp:featuredmedia":[{"embeddable":true,"href":"http:\/\/www.combats-magazine.org\/fr\/wp-json\/wp\/v2\/media\/1095"}],"wp:attachment":[{"href":"http:\/\/www.combats-magazine.org\/fr\/wp-json\/wp\/v2\/media?parent=1094"}],"wp:term":[{"taxonomy":"category","embeddable":true,"href":"http:\/\/www.combats-magazine.org\/fr\/wp-json\/wp\/v2\/categories?post=1094"},{"taxonomy":"post_tag","embeddable":true,"href":"http:\/\/www.combats-magazine.org\/fr\/wp-json\/wp\/v2\/tags?post=1094"}],"curies":[{"name":"wp","href":"https:\/\/api.w.org\/{rel}","templated":true}]}}