{"id":1040,"date":"2013-12-31T20:37:55","date_gmt":"2013-12-31T18:37:55","guid":{"rendered":"http:\/\/www.combats-magazine.org\/fr\/?p=1040"},"modified":"2024-03-23T13:15:36","modified_gmt":"2024-03-23T11:15:36","slug":"ensemble","status":"publish","type":"post","link":"http:\/\/www.combats-magazine.org\/fr\/ensemble\/","title":{"rendered":"ENSEMBLE"},"content":{"rendered":"<p style=\"text-align: justify;\"><code><br \/>\n<iframe src=\"\/\/player.vimeo.com\/video\/80832718\" width=\"500\" height=\"281\" frameborder=\"0\" allowfullscreen=\"allowfullscreen\"><\/iframe><\/code><\/p>\n<p style=\"text-align: justify;\"><a href=\"http:\/\/vimeo.com\/80832718\">ENSEMBLE<\/a> from <a href=\"http:\/\/vimeo.com\/user23164739\">EvelyneAbitbol<\/a> on <a href=\"https:\/\/vimeo.com\">Vimeo<\/a>.<\/p>\n<p style=\"text-align: justify;\"><strong><em>Le d\u00e9bat sur la la\u00efcit\u00e9 \u00a0bat son plein au Qu\u00e9bec.Le gouvernement propose une charte des valeurs afin \u00a0que la fonction publique puisse servir \u00a0ses \u00a0citoyens dans la neutralit\u00e9. Les femmes qu\u00e9b\u00e9coises, la\u00efques originaires du Maghreb et du Moyen-Orient.<\/em><\/strong><\/p>\n<p style=\"text-align: justify;\"><span style=\"letter-spacing: 0.05em; line-height: 1.6875;\">NOUS, citoyennes qu\u00e9b\u00e9coises originaires du Maghreb et du Moyen-Orient.<\/span><\/p>\n<p style=\"text-align: justify;\">Arabes ou berb\u00e8res de condition<\/p>\n<p style=\"text-align: justify;\">Juives, chr\u00e9tiennes ou musulmanes de tradition<\/p>\n<p style=\"text-align: justify;\">D\u00e9mocrates, la\u00efques et f\u00e9ministes de conviction<\/p>\n<p style=\"text-align: justify;\">NOUS\u00a0 joignons notre voix \u00e0 toutes celles et \u00e0 tous ceux qui croient en un Qu\u00e9bec inclusif, \u00e9galitaire et pluraliste<\/p>\n<p style=\"text-align: justify;\">Un Qu\u00e9bec o\u00f9 la citoyennet\u00e9 ne se limite pas \u00e0 la somme des libert\u00e9s individuelles<\/p>\n<p style=\"text-align: justify;\">O\u00f9 la vraie neutralit\u00e9 des employ\u00e9s de l\u2019\u00e9tat consiste \u00e0 n\u2019afficher ni sa conviction religieuse ni sa conviction antireligieuse, au m\u00eame titre qu\u2019elle suppose une r\u00e9serve absolue en mati\u00e8re d\u2019opinions politiques<\/p>\n<p style=\"text-align: justify;\">O\u00f9 la cohabitation pacifique entre croyants de toutes origines mais aussi celle entre croyants et non croyants dans les institutions publiques n\u2019a de sens que si tous les repr\u00e9sentants de l\u2019\u00c9tat sont soumis au m\u00eame devoir de r\u00e9serve,\u00a0dans leur apparence comme dans leurs agissements<\/p>\n<p style=\"text-align: justify;\">Nous qui avons connu les affres de la division ethno religieuse, de la marginalisation de nos minorit\u00e9s et de l\u2019homog\u00e9n\u00e9isation apr\u00e8s des si\u00e8cles\u00a0 de cohabitation pacifique<\/p>\n<p style=\"text-align: justify;\">Nous tenons \u00e0 r\u00e9affirmer notre attachement \u00e0 la neutralit\u00e9 religieuse de l\u2019\u00e9tat, seule garante de la libert\u00e9 de conscience des individus.<\/p>\n<p style=\"text-align: justify;\">La la\u00efcit\u00e9 que nous d\u00e9fendons exclut autant la x\u00e9nophobie larv\u00e9e que le fondamentalisme ostentatoire.<\/p>\n<p style=\"text-align: justify;\">La\u00a0 citoyennet\u00e9 que nous pr\u00f4nons est responsable, parce que notre droit \u00e0 la libert\u00e9 individuelle est indissociable de notre devoir de solidarit\u00e9 avec celles qui en sont priv\u00e9es ici au Qu\u00e9bec comme ailleurs, dans nos pays d\u2019origine.<\/p>\n<p style=\"text-align: justify;\">Pour signifier votre appui:etreensemble.ca<\/p>\n<p style=\"text-align: justify;\">\n<p style=\"text-align: justify;\">\n","protected":false},"excerpt":{"rendered":"<p>ENSEMBLE from EvelyneAbitbol on Vimeo. Le d\u00e9bat sur la la\u00efcit\u00e9 \u00a0bat son plein au Qu\u00e9bec.Le gouvernement propose une charte des valeurs afin \u00a0que la fonction publique puisse servir \u00a0ses \u00a0citoyens&hellip;<\/p>\n<p class=\"more-link-p\"><a class=\"more-link\" href=\"http:\/\/www.combats-magazine.org\/fr\/ensemble\/\">Lire plus &rarr;<\/a><\/p>\n","protected":false},"author":4,"featured_media":0,"comment_status":"open","ping_status":"open","sticky":false,"template":"","format":"standard","meta":{"footnotes":""},"categories":[35],"tags":[364,360,367,363,359,78,365,142,357,358,366,362,102,361],"class_list":["post-1040","post","type-post","status-publish","format-standard","hentry","category-debats","tag-berberes","tag-charte","tag-chretiens","tag-croyances","tag-declaration","tag-femmes","tag-juifs","tag-laicite","tag-maghreb","tag-moyen-orient","tag-musulmans","tag-poilitique","tag-quebec","tag-religion"],"_links":{"self":[{"href":"http:\/\/www.combats-magazine.org\/fr\/wp-json\/wp\/v2\/posts\/1040","targetHints":{"allow":["GET"]}}],"collection":[{"href":"http:\/\/www.combats-magazine.org\/fr\/wp-json\/wp\/v2\/posts"}],"about":[{"href":"http:\/\/www.combats-magazine.org\/fr\/wp-json\/wp\/v2\/types\/post"}],"author":[{"embeddable":true,"href":"http:\/\/www.combats-magazine.org\/fr\/wp-json\/wp\/v2\/users\/4"}],"replies":[{"embeddable":true,"href":"http:\/\/www.combats-magazine.org\/fr\/wp-json\/wp\/v2\/comments?post=1040"}],"version-history":[{"count":0,"href":"http:\/\/www.combats-magazine.org\/fr\/wp-json\/wp\/v2\/posts\/1040\/revisions"}],"wp:attachment":[{"href":"http:\/\/www.combats-magazine.org\/fr\/wp-json\/wp\/v2\/media?parent=1040"}],"wp:term":[{"taxonomy":"category","embeddable":true,"href":"http:\/\/www.combats-magazine.org\/fr\/wp-json\/wp\/v2\/categories?post=1040"},{"taxonomy":"post_tag","embeddable":true,"href":"http:\/\/www.combats-magazine.org\/fr\/wp-json\/wp\/v2\/tags?post=1040"}],"curies":[{"name":"wp","href":"https:\/\/api.w.org\/{rel}","templated":true}]}}