{"id":1033,"date":"2013-10-15T14:45:32","date_gmt":"2013-10-15T12:45:32","guid":{"rendered":"http:\/\/www.combats-magazine.org\/fr\/?p=1033"},"modified":"2014-05-05T10:41:46","modified_gmt":"2014-05-05T08:41:46","slug":"parlons-juste-lampedusa","status":"publish","type":"post","link":"http:\/\/www.combats-magazine.org\/fr\/parlons-juste-lampedusa\/","title":{"rendered":"Parlons juste : Lampedusa"},"content":{"rendered":"<p style=\"text-align: justify;\"><strong>Depuis le 3 octobre dernier, avec des tr\u00e9molos dans la voix, et quelques larmes de crocodile, journalistes et politiques comptent les morts de Lampedusa et de Malte. Rappelons que la petite \u00eele italienne est plus proche de la Tunisie (167 km) que de la Sicile (205 km). Quant \u00e0 la distance qui la s\u00e9pare de Malte, selon qu\u2019on vole ou qu\u2019on navigue, les chiffres h\u00e9sitent entre 174 km et 220 km. Depuis 1994 on compte 6385 morts en M\u00e9diterran\u00e9e sans compter les disparus dont le nombre est estim\u00e9 \u00e0 une vingtaine de mille. Pour ce qui est du dernier naufrage, on en est \u00e0 339 corps rep\u00each\u00e9s \u00e0 ce jour. Le pr\u00e9sident de l\u2019Union europ\u00e9enne a attendu presque une semaine pour se d\u00e9placer. On peut se demander si, cette fois-ci, c\u2019est l\u2019Europe qui a pay\u00e9 les beaux cercueils que l\u2019on a pu compter et recompter tous ces jours derniers en regardant le petit \u00e9cran. (l\u2019Europe a promis 2 millions d\u2019euros suppl\u00e9mentaires \u00e0 l\u2019Italie).\u00a0<\/strong><\/p>\n<p style=\"text-align: justify;\"><a href=\"http:\/\/www.combats-magazine.org\/fr\/wp-content\/uploads\/2013\/10\/Lampedusa-un-naufrage-fait-130-morts-et-200-disparus_article_popin.jpg\"><img fetchpriority=\"high\" decoding=\"async\" class=\"alignleft size-medium wp-image-1277\" src=\"http:\/\/www.combats-magazine.org\/fr\/wp-content\/uploads\/2013\/10\/Lampedusa-un-naufrage-fait-130-morts-et-200-disparus_article_popin-300x227.jpg\" alt=\"Lampedusa-un-naufrage-fait-130-morts-et-200-disparus_article_popin\" width=\"300\" height=\"227\" srcset=\"http:\/\/www.combats-magazine.org\/fr\/wp-content\/uploads\/2013\/10\/Lampedusa-un-naufrage-fait-130-morts-et-200-disparus_article_popin-300x227.jpg 300w, http:\/\/www.combats-magazine.org\/fr\/wp-content\/uploads\/2013\/10\/Lampedusa-un-naufrage-fait-130-morts-et-200-disparus_article_popin-560x424.jpg 560w, http:\/\/www.combats-magazine.org\/fr\/wp-content\/uploads\/2013\/10\/Lampedusa-un-naufrage-fait-130-morts-et-200-disparus_article_popin-260x197.jpg 260w, http:\/\/www.combats-magazine.org\/fr\/wp-content\/uploads\/2013\/10\/Lampedusa-un-naufrage-fait-130-morts-et-200-disparus_article_popin-160x121.jpg 160w, http:\/\/www.combats-magazine.org\/fr\/wp-content\/uploads\/2013\/10\/Lampedusa-un-naufrage-fait-130-morts-et-200-disparus_article_popin.jpg 1013w\" sizes=\"(max-width: 300px) 100vw, 300px\" \/><\/a><\/p>\n<p style=\"text-align: justify;\">L\u2019\u00e9motion, c\u2019est inutile, et absolument hors de propos. L\u2019\u00e9motion fait partie de l\u2019individuel, du priv\u00e9. L\u2019espace Schengen a engendr\u00e9 cet \u00e9tat de fait. Ce sont les politiques europ\u00e9ennes qui ont entra\u00een\u00e9 ces milliers de morts violentes. Les visas sont syst\u00e9matiquement refus\u00e9s aux milliers de Syriens qui veulent fuir la guerre civile et s\u2019installer en Europe. Et pourtant ! Il est ais\u00e9 de comprendre que ceux qui veulent quitter leur pays y sont contraints et que leur demande de droit d\u2019asile repose sur du concret, j\u2019entends sur des armes chimiques r\u00e9pandues le 23 ao\u00fbt, preuves \u00e0 l\u2019appui. Historiquement, le droit d\u2019asile offre un lieu inviolable \u00e0 ceux qui viennent s\u2019y r\u00e9fugier. Aujourd\u2019hui on lui a adjoint l\u2019 adjectif politique pour permettre \u00e0 ceux qui sont poursuivis pour leurs opinions dans leur pays de trouver un refuge dans un autre pays qui deviendra alors pays d\u2019asile.<\/p>\n<p style=\"text-align: justify;\">Il n\u2019est pas tr\u00e8s difficile aux 28 pays europ\u00e9ens de se r\u00e9unir et de proposer chacun un nombre d\u2019immigr\u00e9s pr\u00eats \u00e0 \u00eatre accueillis. A l\u2019exception de la Gr\u00e8ce et de l\u2018Italie dont les c\u00f4tes sont trop proches de la Turquie et de la Tunisie. Je veux dire par l\u00e0 que depuis qu\u2019ils sont dans l\u2019espace Schengen, ils ont donn\u00e9. Malte et Chypre aussi. La Bulgarie qui va int\u00e9grer dans quelques mois l\u2019espace Schengen , aussi.<\/p>\n<p style=\"text-align: justify;\">Et la Su\u00e8de ? Les pays du Nord ? l\u2019Allemagne ? Les pays baltes ? la Pologne ? Oui, ils sont loin de la M\u00e9diterran\u00e9e, des \u00c9rythr\u00e9ens, etc. etc. et ne veulent en aucun cas modifier les r\u00e8gles europ\u00e9ennes sur le droit d\u2019asile. Su\u00e8de, Danemark, Finlande, ce sont de faibles populations qui pourraient accueillir des immigr\u00e9s. La Pologne (Lib\u00e9ration) a re\u00e7u 1600 clandestins en 2012, Lampedusa et Malte 10380 en 2012 et 31500 de janvier \u00e0 septembre 2013.<\/p>\n<p style=\"text-align: justify;\">Les Canaries n\u2019ont re\u00e7u que 170 entr\u00e9es en 2012 (S\u00e9n\u00e9galais et Mauritaniens) ; les accords bilat\u00e9raux permettent le renvoi imm\u00e9diat dans le pays d\u2019origine.<\/p>\n","protected":false},"excerpt":{"rendered":"<p>Depuis le 3 octobre dernier, avec des tr\u00e9molos dans la voix, et quelques larmes de crocodile, journalistes et politiques comptent les morts de Lampedusa et de Malte. Rappelons que la&hellip;<\/p>\n<p class=\"more-link-p\"><a class=\"more-link\" href=\"http:\/\/www.combats-magazine.org\/fr\/parlons-juste-lampedusa\/\">Lire plus &rarr;<\/a><\/p>\n","protected":false},"author":12,"featured_media":0,"comment_status":"open","ping_status":"open","sticky":false,"template":"","format":"standard","meta":{"footnotes":""},"categories":[44],"tags":[353,352,351,329,344,350],"class_list":["post-1033","post","type-post","status-publish","format-standard","hentry","category-billet","tag-afrique","tag-espace-schengen","tag-immigration-clandestine","tag-italie","tag-lampedusa","tag-parlons-juste"],"_links":{"self":[{"href":"http:\/\/www.combats-magazine.org\/fr\/wp-json\/wp\/v2\/posts\/1033","targetHints":{"allow":["GET"]}}],"collection":[{"href":"http:\/\/www.combats-magazine.org\/fr\/wp-json\/wp\/v2\/posts"}],"about":[{"href":"http:\/\/www.combats-magazine.org\/fr\/wp-json\/wp\/v2\/types\/post"}],"author":[{"embeddable":true,"href":"http:\/\/www.combats-magazine.org\/fr\/wp-json\/wp\/v2\/users\/12"}],"replies":[{"embeddable":true,"href":"http:\/\/www.combats-magazine.org\/fr\/wp-json\/wp\/v2\/comments?post=1033"}],"version-history":[{"count":0,"href":"http:\/\/www.combats-magazine.org\/fr\/wp-json\/wp\/v2\/posts\/1033\/revisions"}],"wp:attachment":[{"href":"http:\/\/www.combats-magazine.org\/fr\/wp-json\/wp\/v2\/media?parent=1033"}],"wp:term":[{"taxonomy":"category","embeddable":true,"href":"http:\/\/www.combats-magazine.org\/fr\/wp-json\/wp\/v2\/categories?post=1033"},{"taxonomy":"post_tag","embeddable":true,"href":"http:\/\/www.combats-magazine.org\/fr\/wp-json\/wp\/v2\/tags?post=1033"}],"curies":[{"name":"wp","href":"https:\/\/api.w.org\/{rel}","templated":true}]}}